{"id":1054,"date":"2025-03-10T16:14:22","date_gmt":"2025-03-10T15:14:22","guid":{"rendered":"https:\/\/neurotecheu.umh.es\/?p=1054"},"modified":"2025-07-23T11:02:26","modified_gmt":"2025-07-23T09:02:26","slug":"life-after-a-phd-whats-next","status":"publish","type":"post","link":"https:\/\/neurotecheu.umh.es\/ca\/2025\/03\/10\/life-after-a-phd-whats-next\/","title":{"rendered":"Life After a PhD \u2013 What&#8217;s Next?"},"content":{"rendered":"<p>Qu\u00e8 hi ha despr\u00e9s d&#8217;un doctorat? El Centre Internacional de Coordinaci\u00f3 de Neuroinform\u00e1tica (*INCF, per les seues sigles en angl\u00e9s) i StratNeuro de l&#8217;Institut Karolinska, membre associat de la Universitat Europea del Cervell i la Tecnologia -NeurotechEU-, organitzen el taller <em><strong>Life After a PhD \u2013 What&#8217;s Next? <\/strong><\/em>que tindr\u00e0 lloc el 20 de mar\u00e7.<\/p>\n<p><span style=\"font-weight: 400\"><img loading=\"lazy\" class=\"alignright\" src=\"https:\/\/news.ki.se\/sites\/nyheter\/files\/styles\/article_full_width\/public\/qbank\/StratNeuro%282%29_custom20250307104331.webp\" width=\"177\" height=\"177\"><\/span>Este taller explorar\u00e0 carreres alternatives fora de l&#8217;\u00e0mbit acad\u00e8mic en les quals les habilitats en neuroci\u00e8ncia, l&#8217;an\u00e0lisi de grans dades i altres compet\u00e8ncies serien avantatjoses. Els quatre panelistes oferiran perspectives de persones que han gaudit de diverses carreres, incloent-hi la fundaci\u00f3 d&#8217;una empresa de programari, el treball per al govern examinant sol\u00b7licituds de patents, la investigaci\u00f3 de mercat amb un enfocament neuronal, el treball en una organitzaci\u00f3 sense \u00e0nim de lucre coordinant dades i esfor\u00e7os d&#8217;investigaci\u00f3, i el treball en ag\u00e8ncies de finan\u00e7ament. Els panelistes compartiran com van arribar all\u00ed i aconsellaran als assistents sobre com seguir els seus passos.<\/p>\n<ul>\n<li>Data: 20 de mar\u00e7 de 2025<\/li>\n<li>Hora: 13.30 h CEST<\/li>\n<li>Lloc: En l\u00ednia i presencial<\/li>\n<li>Universitat amfitriona: Karolinska Institutet (KI, Su\u00e8cia)<\/li>\n<li>Enlla\u00e7 per a accedir al taller en l\u00ednia:<a href=\"https:\/\/ki-se.zoom.us\/webinar\/register\/WN_at-gmPSaQgK0HD677BSosw#\/registration\"> Taller de Carreras de NeurotechEU<\/a><\/li>\n<\/ul>\n<p>La Universitat Miguel Hern\u00e1ndez d&#8217;Elx (UMH) <strong>no cobrix la mobilitat<\/strong> ac\u00ed presentada. No obstant aix\u00f2, <strong>l&#8217;acc\u00e9s en l\u00ednia est\u00e0 cobert<\/strong> per NeurotechEU. <a href=\"https:\/\/neurotecheu.umh.es\/ca\/movilidad-umh\/\">Consulta les mobilitats cobertes per UMH-NeurotechEU ac\u00ed.<\/a><\/p>","protected":false},"excerpt":{"rendered":"<p>Qu\u00e8 hi ha despr\u00e9s d&#8217;un doctorat? El Centre Internacional de Coordinaci\u00f3 de Neuroinform\u00e1tica (*INCF, per les seues sigles en angl\u00e9s) i StratNeuro de l&#8217;Institut Karolinska, membre associat de la Universitat Europea del Cervell i la Tecnologia -NeurotechEU-, organitzen el taller Life After a PhD \u2013 What&#8217;s Next? que tindr\u00e0 lloc el 20 de mar\u00e7.<br \/>\nEste taller [&#8230;]<\/p>\n","protected":false},"author":24743,"featured_media":0,"comment_status":"closed","ping_status":"open","sticky":false,"template":"","format":"standard","meta":{"ngg_post_thumbnail":0,"_links_to":"","_links_to_target":""},"categories":[1750],"tags":[],"_links":{"self":[{"href":"https:\/\/neurotecheu.umh.es\/ca\/wp-json\/wp\/v2\/posts\/1054"}],"collection":[{"href":"https:\/\/neurotecheu.umh.es\/ca\/wp-json\/wp\/v2\/posts"}],"about":[{"href":"https:\/\/neurotecheu.umh.es\/ca\/wp-json\/wp\/v2\/types\/post"}],"author":[{"embeddable":true,"href":"https:\/\/neurotecheu.umh.es\/ca\/wp-json\/wp\/v2\/users\/24743"}],"replies":[{"embeddable":true,"href":"https:\/\/neurotecheu.umh.es\/ca\/wp-json\/wp\/v2\/comments?post=1054"}],"version-history":[{"count":0,"href":"https:\/\/neurotecheu.umh.es\/ca\/wp-json\/wp\/v2\/posts\/1054\/revisions"}],"wp:attachment":[{"href":"https:\/\/neurotecheu.umh.es\/ca\/wp-json\/wp\/v2\/media?parent=1054"}],"wp:term":[{"taxonomy":"category","embeddable":true,"href":"https:\/\/neurotecheu.umh.es\/ca\/wp-json\/wp\/v2\/categories?post=1054"},{"taxonomy":"post_tag","embeddable":true,"href":"https:\/\/neurotecheu.umh.es\/ca\/wp-json\/wp\/v2\/tags?post=1054"}],"curies":[{"name":"wp","href":"https:\/\/api.w.org\/{rel}","templated":true}]}}