{"id":1088,"date":"2025-03-28T12:47:23","date_gmt":"2025-03-28T11:47:23","guid":{"rendered":"https:\/\/neurotecheu.umh.es\/?p=1088"},"modified":"2025-07-23T11:02:15","modified_gmt":"2025-07-23T09:02:15","slug":"seminario-neurotecheu-the-science-of-sleep","status":"publish","type":"post","link":"https:\/\/neurotecheu.umh.es\/ca\/2025\/03\/28\/seminario-neurotecheu-the-science-of-sleep\/","title":{"rendered":"Seminari NeurotechEU: The Science of Sleep"},"content":{"rendered":"<p><span style=\"font-weight: 400\"><img loading=\"lazy\" class=\"alignright\" src=\"https:\/\/news.ki.se\/sites\/nyheter\/files\/styles\/article_full_width\/public\/qbank\/StratNeuro%282%29_custom20250324133715.webp\" width=\"204\" height=\"204\">El pr\u00f2xim 8 d&#8217;abril de 2025 tindr\u00e0 lloc el seminari<strong> <span style=\"color: #000080\"><em>The Science of Sleep<\/em><\/span><\/strong>, organitzat pel Karolinska Institutet -universitat membre de l&#8217;Alian\u00e7a La Universitat Europea del Cervell i la Tecnologia (NeurotechEU)-. El seminari tindr\u00e0 lloc de la 14h a les 16h CEST a trav\u00e9s de la plataforma Zoom.<\/span><\/p>\n<p>En el seminari participaran Martin Dresler i Anna Sigr\u00ed\u00f0ur Islind de l&#8217;Institut Donders i de la Universitat de Reykjavik, respectivament. Dresler dirigix el Laboratori de Donders del Somni i la Mem\u00f2ria; mentres que Sigr\u00ed\u00f0ur \u00e9s professora associada del Departament de Ci\u00e8ncia Computacional.<\/p>\n<ul>\n<li><strong>Data<\/strong>: 8 d&#8217;abril de 2025<\/li>\n<li><strong>Universitat amfitriona<\/strong>: Karolinska Institutet (KI, Su\u00e8cia)<\/li>\n<li><strong>Localitzaci\u00f3<\/strong>: En l\u00ednia<\/li>\n<li><strong>M\u00e9s informaci\u00f3<\/strong>: <a href=\"https:\/\/news.ki.se\/calendar\/stratneuro-neurotecheu-seminar-the-science-of-sleep\">enlla\u00e7<\/a><\/li>\n<li><strong>Enlla\u00e7 de registre<\/strong>: <a href=\"https:\/\/ki-se.zoom.us\/webinar\/register\/WN_McI72CPxSMuoy_UuEcXKjQ#\/registration\">link<\/a><\/li>\n<\/ul>\n<p><\/p>","protected":false},"excerpt":{"rendered":"<p>El pr\u00f2xim 8 d&#8217;abril de 2025 tindr\u00e0 lloc el seminari The Science of Sleep, organitzat pel Karolinska Institutet -universitat membre de l&#8217;Alian\u00e7a La Universitat Europea del Cervell i la Tecnologia (NeurotechEU)-. El seminari tindr\u00e0 lloc de la 14h a les 16h CEST a trav\u00e9s de la plataforma Zoom.<br \/>\nEn el seminari participaran Martin Dresler i Anna [&#8230;]<\/p>\n","protected":false},"author":24743,"featured_media":0,"comment_status":"closed","ping_status":"open","sticky":false,"template":"","format":"standard","meta":{"ngg_post_thumbnail":0,"_links_to":"","_links_to_target":""},"categories":[1750],"tags":[],"_links":{"self":[{"href":"https:\/\/neurotecheu.umh.es\/ca\/wp-json\/wp\/v2\/posts\/1088"}],"collection":[{"href":"https:\/\/neurotecheu.umh.es\/ca\/wp-json\/wp\/v2\/posts"}],"about":[{"href":"https:\/\/neurotecheu.umh.es\/ca\/wp-json\/wp\/v2\/types\/post"}],"author":[{"embeddable":true,"href":"https:\/\/neurotecheu.umh.es\/ca\/wp-json\/wp\/v2\/users\/24743"}],"replies":[{"embeddable":true,"href":"https:\/\/neurotecheu.umh.es\/ca\/wp-json\/wp\/v2\/comments?post=1088"}],"version-history":[{"count":0,"href":"https:\/\/neurotecheu.umh.es\/ca\/wp-json\/wp\/v2\/posts\/1088\/revisions"}],"wp:attachment":[{"href":"https:\/\/neurotecheu.umh.es\/ca\/wp-json\/wp\/v2\/media?parent=1088"}],"wp:term":[{"taxonomy":"category","embeddable":true,"href":"https:\/\/neurotecheu.umh.es\/ca\/wp-json\/wp\/v2\/categories?post=1088"},{"taxonomy":"post_tag","embeddable":true,"href":"https:\/\/neurotecheu.umh.es\/ca\/wp-json\/wp\/v2\/tags?post=1088"}],"curies":[{"name":"wp","href":"https:\/\/api.w.org\/{rel}","templated":true}]}}