{"id":1171,"date":"2025-05-14T12:00:30","date_gmt":"2025-05-14T10:00:30","guid":{"rendered":"https:\/\/neurotecheu.umh.es\/?p=1171"},"modified":"2025-07-23T10:40:17","modified_gmt":"2025-07-23T08:40:17","slug":"la-umh-participa-en-el-simposio-de-nuerotecheu-avances-en-neurotecnologia-tendiendo-puentes-entre-cerebros-maquinas-y-sociedad","status":"publish","type":"post","link":"https:\/\/neurotecheu.umh.es\/ca\/2025\/05\/14\/la-umh-participa-en-el-simposio-de-nuerotecheu-avances-en-neurotecnologia-tendiendo-puentes-entre-cerebros-maquinas-y-sociedad\/","title":{"rendered":"La UMH participa en el Simposi de NeurotechEU: Avan\u00e7os en Neurotecnolog\u00eda &#8211; Constriuint ponts entre Cervells, M\u00e0quines i Societat"},"content":{"rendered":"<p>El passat 13 de maig de 2025, va tindre lloc el Simposi Advancing Neurotechnology &#8211; Bridging Brains, Machines and Society organitzat per la Universitat de Bonn (Alemanya) i la Universitat Europea del Cervell i la Tecnologia &#8211; NeurotechEU. Amb l&#8217;objectiu de crear un espai de discussi\u00f3 sobre la neurotecnolog\u00eda i els seus diferents aspectes, este esdeveniment a reunit a un grup de cient\u00edfics rellevants de les diferents universitats membres de l&#8217;Alian\u00e7a NeurotechEU.<br \/>\nLa trobada ha comptat amb la pon\u00e8ncia de dos investigadors de la UMH. Baix el t\u00edtol \u201cDesenrotllament de circuits sensorials: la interacci\u00f3 entre l&#8217;activitat espont\u00e0nia i els programes transcripcionals\u201d ha participat en el simposi la professora d&#8217;investigaci\u00f3 i vicedirectora de l\u2019Insitut de Neuroci\u00e8ncies, centre mixt de la UMH i del Consell Superior d&#8217;Investigacions Cient\u00edfiques (CSIC), Guillermina L\u00f3pez-Bendito. D\u2019altra banda, l&#8217;investigador de l&#8217;Institut d&#8217;Investigaci\u00f3 en Enginyeria d&#8217;Elx I3E-UMH i catedr\u00e0tic de la UMH, Jos\u00e9 Mar\u00eda Azor\u00edn, ha participat amb una pon\u00e8ncia titulada \u201cInterf\u00edcies cervell-m\u00e0quina impulsades per IA per a la neurorrehabilitaci\u00f3 amb exoesquelets\u201d.<\/p>\n<div id=\"attachment_1174\" style=\"width: 318px\" class=\"wp-caption aligncenter\"><img aria-describedby=\"caption-attachment-1174\" loading=\"lazy\" class=\"wp-image-1174\" src=\"https:\/\/neurotecheu.umh.es\/files\/2025\/05\/1.-Ponentes-UMH-577x1024.jpeg\" alt=\"\" width=\"308\" height=\"547\"><p id=\"caption-attachment-1174\" class=\"wp-caption-text\">Guillermina L\u00f3pez y Jose Mar\u00eda Azor\u00edn en el Simposio de NeurotechEU: Advancing Neurotechnology &#8211; Bridging Brains, Machines and Society<\/p><\/div>\n<p>&nbsp;<\/p>\n<div id=\"attachment_1177\" style=\"width: 238px\" class=\"wp-caption alignright\"><img aria-describedby=\"caption-attachment-1177\" loading=\"lazy\" class=\" wp-image-1177\" src=\"https:\/\/neurotecheu.umh.es\/files\/2025\/05\/2.-Ponentes-sesion-1-768x1024.jpeg\" alt=\"\" width=\"228\" height=\"304\" srcset=\"https:\/\/neurotecheu.umh.es\/files\/2025\/05\/2.-Ponentes-sesion-1-768x1024.jpeg 768w, https:\/\/neurotecheu.umh.es\/files\/2025\/05\/2.-Ponentes-sesion-1-225x300.jpeg 225w, https:\/\/neurotecheu.umh.es\/files\/2025\/05\/2.-Ponentes-sesion-1-1152x1536.jpeg 1152w, https:\/\/neurotecheu.umh.es\/files\/2025\/05\/2.-Ponentes-sesion-1.jpeg 1200w\" sizes=\"(max-width: 228px) 100vw, 228px\" \/><p id=\"caption-attachment-1177\" class=\"wp-caption-text\">De izquierda a derecha: Abdel el Manira, Guillermina L\u00f3pez y Robert Harris<\/p><\/div>\n<p>Juntament amb L\u00f3pez-Bendito, la primera sessi\u00f3 del simposi, titulada \u2018Nueroci\u00e8ncia cl\u00ednica I fonamental\u2019 ha sigut coberta per Robert Harris del Departament de Neuroci\u00e8ncia Cl\u00ednica i Abdel el Manira del Departament de Neuroci\u00e8ncies, els dos del Karolinska Institutet. Per part seua, la Dra. L\u00f3pez-Bendito ha presentat davant les altres universitats membres de NeurotechEU el treball realitzat en els \u00faltims anys en el seu laboratori, com, per exemple, haver desenvolupat models en ratol\u00ed per a registrar l&#8217;activitat espont\u00e0nia i evocada en les neurones, el t\u00e0lem i l&#8217;escor\u00e7a cerebral abans del naixement. L\u00f3pez Bendito ha exposat la necessitat de continuar desenvolupat tecnologies amb les quals poder estudiar amb m\u00e9s profunditat i millor detalle els processos que tenen lloc en moments primerencs del desenrotllament dels circuits sensorials. Per exemple, proposa l&#8217;\u00fas d&#8217;IA per a establir correlacions entre l&#8217;activitat el\u00e8ctrica de la neurones i el conjunt de gens que s&#8217;expressen en els diferents moments al llarg del desenvolupament i la maduraci\u00f3 del cervell.<\/p>\n<p>&nbsp;<\/p>\n<div id=\"attachment_1180\" style=\"width: 259px\" class=\"wp-caption alignleft\"><img aria-describedby=\"caption-attachment-1180\" loading=\"lazy\" class=\" wp-image-1180\" src=\"https:\/\/neurotecheu.umh.es\/files\/2025\/05\/3.-Ponentes-sesion-3-768x1024.jpeg\" alt=\"\" width=\"249\" height=\"332\" srcset=\"https:\/\/neurotecheu.umh.es\/files\/2025\/05\/3.-Ponentes-sesion-3-768x1024.jpeg 768w, https:\/\/neurotecheu.umh.es\/files\/2025\/05\/3.-Ponentes-sesion-3-225x300.jpeg 225w, https:\/\/neurotecheu.umh.es\/files\/2025\/05\/3.-Ponentes-sesion-3-1152x1536.jpeg 1152w, https:\/\/neurotecheu.umh.es\/files\/2025\/05\/3.-Ponentes-sesion-3.jpeg 1536w\" sizes=\"(max-width: 249px) 100vw, 249px\" \/><p id=\"caption-attachment-1180\" class=\"wp-caption-text\">De izquierda a derecha: Dafin Muresanu, Jeremie Dequidt, Jose Mar\u00eda Azor\u00edn y Paolo Gargiulo.<\/p><\/div>\n<p>Jose Mar\u00eda Azor\u00edn ha format part de la tercera sessi\u00f3 del simposi, titulada \u201cNeurotechnology for health\u201d. Sota el t\u00edtol \u201cAI-powered brain-machine interfaces for neurorehabilitation with exoskeletons\u201d, Azor\u00edn ha explicat com es pot usar l&#8217;exoesquelet com a Interf\u00edcie Cervell-M\u00e0quina (BMI, per les seues sigles en angl\u00e9s) per a la neurorrehabilitaci\u00f3. La idea \u00e9s crear un model que, registrant senyals electroencefelogr\u00e0fiques , detecte la intenci\u00f3 de l&#8217;usuari d&#8217;iniciar la marxa o detindre-la i que, fins a nova orde, mantinga l&#8217;estat en que es troba. D&#8217;esta manera el subjecte pot estar en marxa, sense necessitat d&#8217;una atenci\u00f3 constant, fins que una nova intenci\u00f3 de \u2018relax\u2019 siga detectada per l&#8217;electroencefalograma. Al costat d&#8217;ell, esta tercera sessi\u00f3 del simposi ha sigut impartida per Dafin Muresanu del Departament de Neuroci\u00e8ncies de la Universitat de Medicina i Farm\u00e0cia Iuliu Hatieganu a Cluj-Napoca; Jeremie Dequidt, del Centre d&#8217;Investigaci\u00f3-Cristall en Ci\u00e8ncia de la Computaci\u00f3 de la Universitat de Lilla, i Paolo Gargiulo, de l\u2019Insitut d&#8217;Enginyeria Biom\u00e8dica i Neuronal de la Universitat de Reykjavik.<\/p>\n<p>L&#8217;alian\u00e7a europea NeurotechEU busca aportar a la comunitat cient\u00edfica un centre d&#8217;educaci\u00f3 superior i investigaci\u00f3 centrat en la neurotecnolog\u00eda, amb l&#8217;objectiu de posar soluci\u00f3 a problemes de salut relacionats amb la neuroci\u00e8ncia i la salut mental mitjan\u00e7ant tecnologies de frontera. A m\u00e9s de la UMH, l&#8217;alian\u00e7a NeurotechEU est\u00e0 formada per altres set universitats: la Universitat de Radboud (Pa\u00efsos Baixos), l&#8217;Institut Karolinska (Su\u00e8cia), la Universitat de Bonn (Alemanya), la Universitat del B\u00f2sfor (Turquia), Universitat de Medicina i Farm\u00e0cia Iuliu Hatieganu a Cluj-Napoca (Romania), la Universitat de Lilla (Fran\u00e7a) i la Universitat de Reykjav\u00edk (Isl\u00e0ndia).<\/p>","protected":false},"excerpt":{"rendered":"<p>El passat 13 de maig de 2025, va tindre lloc el Simposi Advancing Neurotechnology &#8211; Bridging Brains, Machines and Society organitzat per la Universitat de Bonn (Alemanya) i la Universitat Europea del Cervell i la Tecnologia &#8211; NeurotechEU. Amb l&#8217;objectiu de crear un espai de discussi\u00f3 sobre la neurotecnolog\u00eda i els seus diferents aspectes, este [&#8230;]<\/p>\n","protected":false},"author":24743,"featured_media":0,"comment_status":"closed","ping_status":"open","sticky":false,"template":"","format":"standard","meta":{"ngg_post_thumbnail":0,"_links_to":"","_links_to_target":""},"categories":[23],"tags":[],"_links":{"self":[{"href":"https:\/\/neurotecheu.umh.es\/ca\/wp-json\/wp\/v2\/posts\/1171"}],"collection":[{"href":"https:\/\/neurotecheu.umh.es\/ca\/wp-json\/wp\/v2\/posts"}],"about":[{"href":"https:\/\/neurotecheu.umh.es\/ca\/wp-json\/wp\/v2\/types\/post"}],"author":[{"embeddable":true,"href":"https:\/\/neurotecheu.umh.es\/ca\/wp-json\/wp\/v2\/users\/24743"}],"replies":[{"embeddable":true,"href":"https:\/\/neurotecheu.umh.es\/ca\/wp-json\/wp\/v2\/comments?post=1171"}],"version-history":[{"count":0,"href":"https:\/\/neurotecheu.umh.es\/ca\/wp-json\/wp\/v2\/posts\/1171\/revisions"}],"wp:attachment":[{"href":"https:\/\/neurotecheu.umh.es\/ca\/wp-json\/wp\/v2\/media?parent=1171"}],"wp:term":[{"taxonomy":"category","embeddable":true,"href":"https:\/\/neurotecheu.umh.es\/ca\/wp-json\/wp\/v2\/categories?post=1171"},{"taxonomy":"post_tag","embeddable":true,"href":"https:\/\/neurotecheu.umh.es\/ca\/wp-json\/wp\/v2\/tags?post=1171"}],"curies":[{"name":"wp","href":"https:\/\/api.w.org\/{rel}","templated":true}]}}