{"id":1222,"date":"2025-06-16T12:40:23","date_gmt":"2025-06-16T10:40:23","guid":{"rendered":"https:\/\/neurotecheu.umh.es\/?p=1222"},"modified":"2025-07-23T10:39:14","modified_gmt":"2025-07-23T08:39:14","slug":"la-universidad-de-lille-miembro-de-neurotecheu-acoge-una-delegacion-de-la-umh","status":"publish","type":"post","link":"https:\/\/neurotecheu.umh.es\/ca\/2025\/06\/16\/la-universidad-de-lille-miembro-de-neurotecheu-acoge-una-delegacion-de-la-umh\/","title":{"rendered":"La Universitat de Lilla, membre de NeurotechEU, acull una delegaci\u00f3 de la UMH"},"content":{"rendered":"<p><img loading=\"lazy\" class=\"wp-image-1223 alignright\" src=\"https:\/\/neurotecheu.umh.es\/files\/2025\/06\/UMH_AT_ULILLE_June2025-1024x768.jpg\" alt=\"\" width=\"428\" height=\"321\" srcset=\"https:\/\/neurotecheu.umh.es\/files\/2025\/06\/UMH_AT_ULILLE_June2025-1024x768.jpg 1024w, https:\/\/neurotecheu.umh.es\/files\/2025\/06\/UMH_AT_ULILLE_June2025-300x225.jpg 300w, https:\/\/neurotecheu.umh.es\/files\/2025\/06\/UMH_AT_ULILLE_June2025-768x576.jpg 768w, https:\/\/neurotecheu.umh.es\/files\/2025\/06\/UMH_AT_ULILLE_June2025-1536x1152.jpg 1536w, https:\/\/neurotecheu.umh.es\/files\/2025\/06\/UMH_AT_ULILLE_June2025-2048x1536.jpg 2048w\" sizes=\"(max-width: 428px) 100vw, 428px\" \/>Amb motiu de refor\u00e7ar les relacions entre les universitats aliades de la Universitat Europea del Cervell i la Tecnologia, NeurotechEU, la delegaci\u00f3 de la Universitat Miguel Hern\u00e1ndez d&#8217;Elx (UMH) ha visitat les instal\u00b7lacions de la Universitat de Lilla (ULille, Fran\u00e7a). La delegaci\u00f3 de la UMH, ha sigut rebuda per la l\u00edder del projecte NeurotechEU en ULille, Kathleen O\u2019Connor i el personal de l&#8217;Oficina de Relacions Internacionals de ULille. La delegaci\u00f3 de la UMH, formada per la directora del Servici de Relacions Internacionals, Inmaculada Blaya i les gestores del projecte en la UMH, Maria Jos\u00e9 Such, experta en assegurament de la qualitat i Sonia Mart\u00edn, ha compartit dos dies amb els companys de la universitat francesa.<\/p>\n<p>Amb m\u00e9s de 10 persones involucrades en la visita, han pogut intercanviar idees i maneres de treballar en l&#8217;Alian\u00e7a. A m\u00e9s, l&#8217;equip de la UMH ha conegut l&#8217;Oficina de Relacions Internacionals de la Universitat de Lilla, la seua Direcci\u00f3 de Promoci\u00f3 i Projecci\u00f3 Internacional i l&#8217;oficina mutualizada per a Europa i l&#8217;estructura mutualizada per a projectes europeus, investigaci\u00f3, formaci\u00f3 i formaci\u00f3 cont\u00ednua. A m\u00e9s, la delegaci\u00f3 espanyola ha assistit a la reuni\u00f3 mensual de l&#8217;equip franc\u00e9s de NeurotechEU.<\/p>\n<p>Segons la delegaci\u00f3 de la UMH, la universitat francesa de NeurotechEU destaca pel seu estructurat enfocament a la internacionalitzaci\u00f3, el seu enfocament innovador en la pedagogia i la seua ubicaci\u00f3 estrat\u00e8gica a Europa, que li permet ser una universitat capdavantera quant a internacionalitzaci\u00f3.<\/p>\n<p>L&#8217;alian\u00e7a europea NeurotechEU \u00e9s un projecte cofinan\u00e7at per la Uni\u00f3 Europea que busca aportar a la comunitat cient\u00edfica un centre d&#8217;educaci\u00f3 superior i investigaci\u00f3 centrat en la neurotecnolog\u00eda, amb l&#8217;objectiu de posar soluci\u00f3 a problemes de salut relacionats amb la neuroci\u00e8ncia i la salut mental mitjan\u00e7ant tecnologies assequibles. A m\u00e9s de la UMH, l&#8217;alian\u00e7a NeurotechEU est\u00e0 formada per altres set universitats: la Universitat de Radboud (Pa\u00efsos Baixos), l&#8217;Institut Karolinska (Su\u00e8cia), la Universitat de Bonn (Alemanya), la Universitat del B\u00f2sfor (Turquia), Universitat de Medicina i Farm\u00e0cia Iuliu Hatieganu a Cluj-Napoca (Romania), la Universitat de Lilla (Fran\u00e7a) i la Universitat de Reykjav\u00edk (Isl\u00e0ndia).<\/p>","protected":false},"excerpt":{"rendered":"<p>Amb motiu de refor\u00e7ar les relacions entre les universitats aliades de la Universitat Europea del Cervell i la Tecnologia, NeurotechEU, la delegaci\u00f3 de la Universitat Miguel Hern\u00e1ndez d&#8217;Elx (UMH) ha visitat les instal\u00b7lacions de la Universitat de Lilla (ULille, Fran\u00e7a). La delegaci\u00f3 de la UMH, ha sigut rebuda per la l\u00edder del projecte NeurotechEU en [&#8230;]<\/p>\n","protected":false},"author":24743,"featured_media":0,"comment_status":"closed","ping_status":"open","sticky":false,"template":"","format":"standard","meta":{"ngg_post_thumbnail":0,"_links_to":"","_links_to_target":""},"categories":[23],"tags":[],"_links":{"self":[{"href":"https:\/\/neurotecheu.umh.es\/ca\/wp-json\/wp\/v2\/posts\/1222"}],"collection":[{"href":"https:\/\/neurotecheu.umh.es\/ca\/wp-json\/wp\/v2\/posts"}],"about":[{"href":"https:\/\/neurotecheu.umh.es\/ca\/wp-json\/wp\/v2\/types\/post"}],"author":[{"embeddable":true,"href":"https:\/\/neurotecheu.umh.es\/ca\/wp-json\/wp\/v2\/users\/24743"}],"replies":[{"embeddable":true,"href":"https:\/\/neurotecheu.umh.es\/ca\/wp-json\/wp\/v2\/comments?post=1222"}],"version-history":[{"count":0,"href":"https:\/\/neurotecheu.umh.es\/ca\/wp-json\/wp\/v2\/posts\/1222\/revisions"}],"wp:attachment":[{"href":"https:\/\/neurotecheu.umh.es\/ca\/wp-json\/wp\/v2\/media?parent=1222"}],"wp:term":[{"taxonomy":"category","embeddable":true,"href":"https:\/\/neurotecheu.umh.es\/ca\/wp-json\/wp\/v2\/categories?post=1222"},{"taxonomy":"post_tag","embeddable":true,"href":"https:\/\/neurotecheu.umh.es\/ca\/wp-json\/wp\/v2\/tags?post=1222"}],"curies":[{"name":"wp","href":"https:\/\/api.w.org\/{rel}","templated":true}]}}