{"id":1267,"date":"2025-07-15T13:11:42","date_gmt":"2025-07-15T11:11:42","guid":{"rendered":"https:\/\/neurotecheu.umh.es\/?p=1267"},"modified":"2025-07-23T10:59:29","modified_gmt":"2025-07-23T08:59:29","slug":"la-umh-ha-celebrado-la-2a-edicion-de-la-escuela-de-verano-imagenes-por-resonancia-magnetica-y-espectroscopia-preclinica","status":"publish","type":"post","link":"https:\/\/neurotecheu.umh.es\/ca\/2025\/07\/15\/la-umh-ha-celebrado-la-2a-edicion-de-la-escuela-de-verano-imagenes-por-resonancia-magnetica-y-espectroscopia-preclinica\/","title":{"rendered":"La UMH ha celebrat la 2a edici\u00f3 de l&#8217;Escola d&#8217;Estiu: Imatges per resson\u00e0ncia magn\u00e8tica i espectrosc\u00f2pia precl\u00ednica"},"content":{"rendered":"<p><img loading=\"lazy\" class=\"wp-image-1270 alignright\" src=\"https:\/\/neurotecheu.umh.es\/files\/2025\/07\/Group-Summer-School-2-1024x683.jpg\" alt=\"\" width=\"329\" height=\"219\" srcset=\"https:\/\/neurotecheu.umh.es\/files\/2025\/07\/Group-Summer-School-2-1024x683.jpg 1024w, https:\/\/neurotecheu.umh.es\/files\/2025\/07\/Group-Summer-School-2-300x200.jpg 300w, https:\/\/neurotecheu.umh.es\/files\/2025\/07\/Group-Summer-School-2-768x512.jpg 768w, https:\/\/neurotecheu.umh.es\/files\/2025\/07\/Group-Summer-School-2-1536x1024.jpg 1536w, https:\/\/neurotecheu.umh.es\/files\/2025\/07\/Group-Summer-School-2-2048x1365.jpg 2048w\" sizes=\"(max-width: 329px) 100vw, 329px\" \/>La Universitat Miguel Hern\u00e1ndez d&#8217;Elx (UMH) i la Universitat Europea del Cervell i la Tecnologia \u2013NeurotechEU, han celebrat del 9 a l&#8217;11 de juliol la<strong> segona edici\u00f3 de l&#8217;Escola d&#8217;Estiu: Imatges per resson\u00e0ncia magn\u00e8tica i espectrosc\u00f2pia precl\u00ednica.<\/strong> Organitzada pels investigadors de l&#8217;Institut de Neuroci\u00e8ncies, centre mixt del Consell Superior d&#8217;Investigacions Cient\u00edfiques i de la UMH,<strong> Santiago Canals i Silvia De Santis<\/strong>, aquesta segona edici\u00f3 ha reunit m\u00e9s de 20 alumnes de les diferents universitats aliades de NeurotechEU.<\/p>\n<p>Els experts que han participat, juntament amb els coordinadors del curs, en aquesta segona edici\u00f3 han sigut el Catedr\u00e0tic d&#8217;Imatge M\u00e8dica i Electr\u00f2nica de la Universitat Polit\u00e8cnica de Val\u00e8ncia, <strong>David Moratal;<\/strong> la cient\u00edfica titular de l&#8217;Institut d&#8217;Investigacions Biom\u00e8diques Sols-Morreale. IIBM (CSIC-UAM), <strong>Pilar L\u00f3pez-Larrubia; Maximilian Eggl,<\/strong> investigador de l&#8217;Institut de Neuroci\u00e8ncies CSIC-UMH, i <strong>Mohamed Selim<\/strong>, investigador a la Universitat de Nottingham, especialitzat en neuroimatge computacional.<\/p>\n<p>El programa de l&#8217;escola d&#8217;estiu ha abastat tot l&#8217;espectre,<strong> des dels aspectes t\u00e8cnics del maquinari de RM i els principis fonamentals de la formaci\u00f3 d&#8217;imatges fins als or\u00edgens biol\u00f2gics dels diferents contrastos d&#8217;imatge.<\/strong> Aix\u00f2 ha perm\u00e8s als participants adquirir una s\u00f2lida comprensi\u00f3 de t\u00e8cniques \u00e0mpliament utilitzades, com la relaxometria, la imatge basada en la difusi\u00f3 i la RM funcional, alhora que exploraven els seus fonaments biol\u00f2gics i les seues aplicacions clau en la investigaci\u00f3 biom\u00e8dica i neurocient\u00edfica.<\/p>\n<p>Com a novetat respecte a l&#8217;edici\u00f3 anterior, el curs d&#8217;enguany ha presentat les<strong> aplicacions de la intel\u00b7lig\u00e8ncia artificial (IA) tant per a la recopilaci\u00f3 com per a l&#8217;an\u00e0lisi de dades,<\/strong> destacant el seu paper transformador en la neuroimatge moderna.<\/p>\n<iframe  id=\"_ytid_27998\"  width=\"800\" height=\"450\"  data-origwidth=\"800\" data-origheight=\"450\" src=\"https:\/\/www.youtube.com\/embed\/MiFt7ev5XbY?enablejsapi=1&autoplay=0&cc_load_policy=0&cc_lang_pref=&iv_load_policy=1&loop=0&modestbranding=0&rel=1&fs=1&playsinline=0&autohide=2&theme=dark&color=red&controls=1&\" class=\"__youtube_prefs__  no-lazyload\" title=\"YouTube player\"  allow=\"accelerometer; autoplay; clipboard-write; encrypted-media; gyroscope; picture-in-picture\" allowfullscreen data-no-lazy=\"1\" data-skipgform_ajax_framebjll=\"\"><\/iframe>\n<p>Aquesta activitat ha sigut organitzada per NeurotechEU-UMH i l&#8217;Institut de Neuroci\u00e8ncies CSIC-UMH i cofinan\u00e7ada per la Uni\u00f3 Europea amb l&#8217;objectiu de participar en la creaci\u00f3 d&#8217;un campus transnacional pioner en l&#8217;educaci\u00f3 i la formaci\u00f3 de futurs investigadors en l&#8217;\u00e0rea de la neurotecnologia.<\/p>","protected":false},"excerpt":{"rendered":"<p>La Universitat Miguel Hern\u00e1ndez d&#8217;Elx (UMH) i la Universitat Europea del Cervell i la Tecnologia \u2013NeurotechEU, han celebrat del 9 a l&#8217;11 de juliol la segona edici\u00f3 de l&#8217;Escola d&#8217;Estiu: Imatges per resson\u00e0ncia magn\u00e8tica i espectrosc\u00f2pia precl\u00ednica. Organitzada pels investigadors de l&#8217;Institut de Neuroci\u00e8ncies, centre mixt del Consell Superior d&#8217;Investigacions Cient\u00edfiques i de la UMH, [&#8230;]<\/p>\n","protected":false},"author":24743,"featured_media":0,"comment_status":"closed","ping_status":"open","sticky":false,"template":"","format":"standard","meta":{"ngg_post_thumbnail":0,"_links_to":"","_links_to_target":""},"categories":[23],"tags":[],"_links":{"self":[{"href":"https:\/\/neurotecheu.umh.es\/ca\/wp-json\/wp\/v2\/posts\/1267"}],"collection":[{"href":"https:\/\/neurotecheu.umh.es\/ca\/wp-json\/wp\/v2\/posts"}],"about":[{"href":"https:\/\/neurotecheu.umh.es\/ca\/wp-json\/wp\/v2\/types\/post"}],"author":[{"embeddable":true,"href":"https:\/\/neurotecheu.umh.es\/ca\/wp-json\/wp\/v2\/users\/24743"}],"replies":[{"embeddable":true,"href":"https:\/\/neurotecheu.umh.es\/ca\/wp-json\/wp\/v2\/comments?post=1267"}],"version-history":[{"count":0,"href":"https:\/\/neurotecheu.umh.es\/ca\/wp-json\/wp\/v2\/posts\/1267\/revisions"}],"wp:attachment":[{"href":"https:\/\/neurotecheu.umh.es\/ca\/wp-json\/wp\/v2\/media?parent=1267"}],"wp:term":[{"taxonomy":"category","embeddable":true,"href":"https:\/\/neurotecheu.umh.es\/ca\/wp-json\/wp\/v2\/categories?post=1267"},{"taxonomy":"post_tag","embeddable":true,"href":"https:\/\/neurotecheu.umh.es\/ca\/wp-json\/wp\/v2\/tags?post=1267"}],"curies":[{"name":"wp","href":"https:\/\/api.w.org\/{rel}","templated":true}]}}