{"id":1309,"date":"2024-04-23T11:36:32","date_gmt":"2024-04-23T09:36:32","guid":{"rendered":"https:\/\/neurotecheu.umh.es\/?p=1309"},"modified":"2025-07-23T11:37:58","modified_gmt":"2025-07-23T09:37:58","slug":"stratneuro-retreat-2024","status":"publish","type":"post","link":"https:\/\/neurotecheu.umh.es\/ca\/2024\/04\/23\/stratneuro-retreat-2024\/","title":{"rendered":"StratNeuro Retreat 2024"},"content":{"rendered":"<p><b><img loading=\"lazy\" class=\"size-medium wp-image-240 alignright\" src=\"https:\/\/neurotecheu.umh.es\/files\/2024\/02\/Flyer_retreat_2024_1920x1080-300x169.png\" alt=\"\" width=\"300\" height=\"169\" srcset=\"https:\/\/neurotecheu.umh.es\/files\/2024\/02\/Flyer_retreat_2024_1920x1080-300x169.png 300w, https:\/\/neurotecheu.umh.es\/files\/2024\/02\/Flyer_retreat_2024_1920x1080-1024x576.png 1024w, https:\/\/neurotecheu.umh.es\/files\/2024\/02\/Flyer_retreat_2024_1920x1080-768x432.png 768w, https:\/\/neurotecheu.umh.es\/files\/2024\/02\/Flyer_retreat_2024_1920x1080-1536x864.png 1536w, https:\/\/neurotecheu.umh.es\/files\/2024\/02\/Flyer_retreat_2024_1920x1080.png 1844w\" sizes=\"(max-width: 300px) 100vw, 300px\" \/>Data:<\/b><span style=\"font-weight: 400\"> del<\/span><span style=\"color: #000080\"><b> 4 al 5 de junio de 2024, amb un dia adicional per a estudiants de doctorat el 3 de juny.<\/b><\/span><\/p>\n<p><b>Universitat amfitriona: <\/b><span style=\"font-weight: 400\">Karolinska Institutet, Suecia.<\/span><\/p>\n<p><b>Descripci\u00f3: <\/b>El programa consisteix en <span style=\"font-weight: 400\">pon\u00e8ncies d&#8217;investigadors locals destacats i convidats neurocient\u00edfics de renom, sobre investigacions des del nivell molecular fins als nivells cognitius i socials. Els assistents poden establir contactes i discutir el seu treball amb altres experts durant la popular sessi\u00f3 de p\u00f2sters. El programa cient\u00edfic consta de tres sessions plen\u00e0ries, una sessi\u00f3 de cartells i dos sessions de treball amb simposis\/tallers simultanis en cada sessi\u00f3.<\/span><\/p>\n<p><b>Lloc on es desenvolupa l&#8217;activitat:<\/b><span style=\"font-weight: 400\"> Arxip\u00e8lag d&#8217;Estocolm (situat aproximadament a 1 hora amb cotxe del campus de Solna de l&#8217;Institut Karolinska). <a href=\"https:\/\/www.djuronaset.com\/\" target=\"_blank\" rel=\"noopener\">M\u00e9s informaci\u00f3, ac\u00ed<\/a>.<\/span><\/p>\n<p><strong>Per\u00edode de sol\u00b7licitud:<\/strong> Estes places se sol\u00b7liciten en dos fases.<\/p>\n<ul>\n<li><strong>Primera fase<\/strong>, presente la seua sol\u00b7licitud&nbsp; directament en el lloc de StratNeuro a trav\u00e9s d&#8217;este<a href=\"https:\/\/registration.invajo.com\/b8882ba5-a9e3-4311-809f-9310b0b7bcee?page=cb02c0e0-f367-4ee7-91bb-7f67cd039d42\"> enlla\u00e7<\/a> abans de l&#8217;<span style=\"color: #000080\"><strong>1 de mar\u00e7 de 2024<\/strong> <\/span>(sense excepcions). El Comit\u00e9 de Selecci\u00f3 de StratNeuro seleccionar\u00e0 als participants.<\/li>\n<li>&nbsp;<strong>Segona fase<\/strong>, els participants seleccionats hauran de seguir el procediment <span style=\"color: #000080\"><strong>Com sol\u00b7licitar pla\u00e7a UMH<\/strong><\/span> que es descriu a continuaci\u00f3 abans de l&#8217;<span style=\"color: #000080\"><strong>1 d&#8217;abril de 2024.<\/strong><\/span><\/li>\n<\/ul>\n<p><strong>Requisits per a poder aplicar<\/strong>: Estudiants de Doctorat de la UMH matriculats formalment per a la formaci\u00f3 de doctorat (<strong><span style=\"color: #000080\">Matr\u00edcula vigent en un Programa de Doctorat de la UMH<\/span><\/strong>. Envie el rebut o certificat d&#8217;inscripci\u00f3 juntament amb la seua sol\u00b7licitud) durant el curs acad\u00e8mic 2023-2024. <span style=\"color: #000080\"><strong>Esta activitat no est\u00e0 destinada a estudiants de m\u00e0ster.<\/strong><\/span><\/p>\n<p><b>Places ofertades per a estudiants de la UMH<\/b><span style=\"font-weight: 400\">: 2&nbsp;<\/span><\/p>\n<p style=\"padding-left: 40px\"><span style=\"font-weight: 400\">Publicaci\u00f3 de la universitat amfitriona: <\/span><a href=\"https:\/\/ki.se\/en\/research\/annual-stratneuro-retreat\"><span style=\"font-weight: 400\">StratNeuro Retreat<\/span><\/a><span style=\"font-weight: 400\">.<\/span><\/p>\n<p><\/p>","protected":false},"excerpt":{"rendered":"<p>Data: del 4 al 5 de junio de 2024, amb un dia adicional per a estudiants de doctorat el 3 de juny.<br \/>\nUniversitat amfitriona: Karolinska Institutet, Suecia.<br \/>\nDescripci\u00f3: El programa consisteix en pon\u00e8ncies d&#8217;investigadors locals destacats i convidats neurocient\u00edfics de renom, sobre investigacions des del nivell molecular fins als nivells cognitius i socials. Els assistents poden establir [&#8230;]<\/p>\n","protected":false},"author":24743,"featured_media":0,"comment_status":"closed","ping_status":"open","sticky":false,"template":"","format":"standard","meta":{"ngg_post_thumbnail":0,"_links_to":"","_links_to_target":""},"categories":[3747],"tags":[],"_links":{"self":[{"href":"https:\/\/neurotecheu.umh.es\/ca\/wp-json\/wp\/v2\/posts\/1309"}],"collection":[{"href":"https:\/\/neurotecheu.umh.es\/ca\/wp-json\/wp\/v2\/posts"}],"about":[{"href":"https:\/\/neurotecheu.umh.es\/ca\/wp-json\/wp\/v2\/types\/post"}],"author":[{"embeddable":true,"href":"https:\/\/neurotecheu.umh.es\/ca\/wp-json\/wp\/v2\/users\/24743"}],"replies":[{"embeddable":true,"href":"https:\/\/neurotecheu.umh.es\/ca\/wp-json\/wp\/v2\/comments?post=1309"}],"version-history":[{"count":0,"href":"https:\/\/neurotecheu.umh.es\/ca\/wp-json\/wp\/v2\/posts\/1309\/revisions"}],"wp:attachment":[{"href":"https:\/\/neurotecheu.umh.es\/ca\/wp-json\/wp\/v2\/media?parent=1309"}],"wp:term":[{"taxonomy":"category","embeddable":true,"href":"https:\/\/neurotecheu.umh.es\/ca\/wp-json\/wp\/v2\/categories?post=1309"},{"taxonomy":"post_tag","embeddable":true,"href":"https:\/\/neurotecheu.umh.es\/ca\/wp-json\/wp\/v2\/tags?post=1309"}],"curies":[{"name":"wp","href":"https:\/\/api.w.org\/{rel}","templated":true}]}}