{"id":1375,"date":"2025-09-16T14:00:09","date_gmt":"2025-09-16T12:00:09","guid":{"rendered":"https:\/\/neurotecheu.umh.es\/?p=1375"},"modified":"2025-09-15T15:47:15","modified_gmt":"2025-09-15T13:47:15","slug":"neurotecheu-estrena-caseta-en-la-conferencia-anual-de-la-asociacion-europea-para-la-educacion-internacional","status":"publish","type":"post","link":"https:\/\/neurotecheu.umh.es\/ca\/2025\/09\/16\/neurotecheu-estrena-caseta-en-la-conferencia-anual-de-la-asociacion-europea-para-la-educacion-internacional\/","title":{"rendered":"NeurotechEU estrena caseta en la Confer\u00e8ncia Anual de l&#8217;Associaci\u00f3 Europea per a l&#8217;Educaci\u00f3 Internacional"},"content":{"rendered":"<p><img loading=\"lazy\" class=\"wp-image-1378 alignright\" src=\"https:\/\/neurotecheu.umh.es\/files\/2025\/09\/2025-EAIE-.1-1024x768.jpg\" alt=\"\" width=\"328\" height=\"246\" srcset=\"https:\/\/neurotecheu.umh.es\/files\/2025\/09\/2025-EAIE-.1-1024x768.jpg 1024w, https:\/\/neurotecheu.umh.es\/files\/2025\/09\/2025-EAIE-.1-300x225.jpg 300w, https:\/\/neurotecheu.umh.es\/files\/2025\/09\/2025-EAIE-.1-768x576.jpg 768w, https:\/\/neurotecheu.umh.es\/files\/2025\/09\/2025-EAIE-.1-1536x1152.jpg 1536w, https:\/\/neurotecheu.umh.es\/files\/2025\/09\/2025-EAIE-.1.jpg 2048w\" sizes=\"(max-width: 328px) 100vw, 328px\" \/>La Universitat Europea del Cervell i la Tecnologia \u2013NeurotechEU, participa amb una caseta, amb altres dos aliances europees, per primera vegada en la Confer\u00e8ncia Anual de l&#8217;Associaci\u00f3 Europea per a l&#8217;Educaci\u00f3 Internacional (EAIE, per les seues sigles en angl\u00e9s). Del 9 al 12 de setembre, l\u2019EAIE, ha acollit la trobada anual d&#8217;universitats europees. Com a part de la delegaci\u00f3 de la Universitat Miguel Hern\u00e1ndez d&#8217;Elx (UMH), encap\u00e7alada pel vicerector adjunt d&#8217;Internacionalitzaci\u00f3 Alberto Rodr\u00edguez, va assistir la directora del Servici de Relacions Internacionals, Cooperaci\u00f3 al Desenrotllament i Voluntariat i membre actiu de l&#8217;alian\u00e7a, Inmaculada Blaya, juntament amb la t\u00e8cnica de mobilitat i col\u00b7laboradora de NeurotechEU, M\u00f3nica Candela.<\/p>\n<p>Amb l&#8217;objectiu de refor\u00e7ar i enfortir les relacions entre les diferents institucions educatives, NeurotechEU ha participat en esta trobada amb una caseta conjunta amb les aliances europees The Green European University i Sea-EU Alliance. Els representants de les diferents universitats membres de NeurotechEU han tingut l&#8217;oportunitat de donar a con\u00e9ixer l&#8217;Alian\u00e7a i demostrar el seu paper en l&#8217;avan\u00e7 de l&#8217;educaci\u00f3 superior internacional a trav\u00e9s de la col\u00b7laboraci\u00f3 i la innovaci\u00f3.<\/p>\n<p>La Universitat Europea del Cervell i la Tecnologia \u2013NeurotechEU\u2013 \u00e9s un projecte cofinan\u00e7at per la Comissi\u00f3 Europea que busca potenciar l&#8217;educaci\u00f3 i la formaci\u00f3 de futurs professionals i investigadors en l&#8217;\u00e0rea de la neurotecnologia, amb l&#8217;objectiu de posar soluci\u00f3 a problemes de salut relacionats amb la neuroci\u00e8ncia i la salut mental mitjan\u00e7ant tecnologies accessibles. A m\u00e9s de la UMH, l&#8217;Alian\u00e7a NeurotechEU est\u00e0 formada actualment per altres set universitats europees: la Universitat de Radboud de Nimega (Pa\u00efsos Baixos), l&#8217;Institut Karolinska (Su\u00e8cia), la Universitat de Bonn (Alemanya), la Universitat del B\u00f2sfor (Turquia), Universitat de Medicina i Farm\u00e0cia Iuliu Hatieganu (Romania), la Universitat de Lilla (Fran\u00e7a) i la Universitat de Reykjav\u00edk (Isl\u00e0ndia).<\/p>","protected":false},"excerpt":{"rendered":"<p>La Universitat Europea del Cervell i la Tecnologia \u2013NeurotechEU, participa amb una caseta, amb altres dos aliances europees, per primera vegada en la Confer\u00e8ncia Anual de l&#8217;Associaci\u00f3 Europea per a l&#8217;Educaci\u00f3 Internacional (EAIE, per les seues sigles en angl\u00e9s). Del 9 al 12 de setembre, l\u2019EAIE, ha acollit la trobada anual d&#8217;universitats europees. Com a [&#8230;]<\/p>\n","protected":false},"author":24743,"featured_media":0,"comment_status":"closed","ping_status":"open","sticky":false,"template":"","format":"standard","meta":{"ngg_post_thumbnail":0,"_links_to":"","_links_to_target":""},"categories":[23],"tags":[],"_links":{"self":[{"href":"https:\/\/neurotecheu.umh.es\/ca\/wp-json\/wp\/v2\/posts\/1375"}],"collection":[{"href":"https:\/\/neurotecheu.umh.es\/ca\/wp-json\/wp\/v2\/posts"}],"about":[{"href":"https:\/\/neurotecheu.umh.es\/ca\/wp-json\/wp\/v2\/types\/post"}],"author":[{"embeddable":true,"href":"https:\/\/neurotecheu.umh.es\/ca\/wp-json\/wp\/v2\/users\/24743"}],"replies":[{"embeddable":true,"href":"https:\/\/neurotecheu.umh.es\/ca\/wp-json\/wp\/v2\/comments?post=1375"}],"version-history":[{"count":0,"href":"https:\/\/neurotecheu.umh.es\/ca\/wp-json\/wp\/v2\/posts\/1375\/revisions"}],"wp:attachment":[{"href":"https:\/\/neurotecheu.umh.es\/ca\/wp-json\/wp\/v2\/media?parent=1375"}],"wp:term":[{"taxonomy":"category","embeddable":true,"href":"https:\/\/neurotecheu.umh.es\/ca\/wp-json\/wp\/v2\/categories?post=1375"},{"taxonomy":"post_tag","embeddable":true,"href":"https:\/\/neurotecheu.umh.es\/ca\/wp-json\/wp\/v2\/tags?post=1375"}],"curies":[{"name":"wp","href":"https:\/\/api.w.org\/{rel}","templated":true}]}}