{"id":1417,"date":"2025-11-07T13:00:57","date_gmt":"2025-11-07T12:00:57","guid":{"rendered":"https:\/\/neurotecheu.umh.es\/?p=1417"},"modified":"2025-11-07T12:08:44","modified_gmt":"2025-11-07T11:08:44","slug":"la-umh-acoge-la-x-asamblea-general-y-el-consejo-de-rectores-de-neurotecheu","status":"publish","type":"post","link":"https:\/\/neurotecheu.umh.es\/ca\/2025\/11\/07\/la-umh-acoge-la-x-asamblea-general-y-el-consejo-de-rectores-de-neurotecheu\/","title":{"rendered":"La UMH acull la X Assemblea General i el Consell de Rectors de NeurotechEU"},"content":{"rendered":"<p><\/p>\n<p style=\"text-align: justify\"><span style=\"font-weight: 400\">L&#8217;alian\u00e7a d&#8217;universitats europees Universitat del Cervell i la Tecnologia \u2013NeurotechEU\u2013 organitza dues Assemblees Generals a l&#8217;any amb l&#8217;objectiu de fer seguiment de l&#8217;estrat\u00e8gia de treball, aix\u00ed com estretir lla\u00e7os entre les universitats membres de l&#8217;alian\u00e7a. L&#8217;equip gestor de NeurotechEU a la Universitat Miguel Hern\u00e1ndez d&#8217;Elx (UMH) ha organitzat des del 4 al 6 de novembre de 2025 la reuni\u00f3 bianual de l&#8217;Assemblea General de l&#8217;alian\u00e7a i del seu Consell de Rectors. L&#8217;Assemblea General \u00e9s una trobada que aplega personal docent i investigador, administratiu i estudiants de les universitats s\u00f2cies.<\/span><\/p>\n<p><img loading=\"lazy\" class=\"aligncenter wp-image-1420\" src=\"https:\/\/neurotecheu.umh.es\/files\/2025\/11\/J0A9351-1024x683.jpeg\" alt=\"\" width=\"461\" height=\"308\" srcset=\"https:\/\/neurotecheu.umh.es\/files\/2025\/11\/J0A9351-1024x683.jpeg 1024w, https:\/\/neurotecheu.umh.es\/files\/2025\/11\/J0A9351-300x200.jpeg 300w, https:\/\/neurotecheu.umh.es\/files\/2025\/11\/J0A9351-768x512.jpeg 768w, https:\/\/neurotecheu.umh.es\/files\/2025\/11\/J0A9351-1536x1024.jpeg 1536w, https:\/\/neurotecheu.umh.es\/files\/2025\/11\/J0A9351.jpeg 1620w\" sizes=\"(max-width: 461px) 100vw, 461px\" \/><\/p>\n<p style=\"text-align: justify\"><span style=\"font-weight: 400\">La trobada ha estat presidida pel rector de la UMH, <\/span><b>Juan Jos\u00e9 Ruiz<\/b><span style=\"font-weight: 400\">, i el vicerector d&#8217;Internacionalitzaci\u00f3 i Cooperaci\u00f3, <\/span><b>Vicente Micol<\/b><span style=\"font-weight: 400\">; i ha comptat amb les integrants del Consell de Govern de NeurotechEU en representaci\u00f3 de la UMH,<\/span><b> Juana Gallar<\/b><span style=\"font-weight: 400\">, directora de l&#8217;Institut de Neuroci\u00e8ncies (UMH-CSIC), i <\/span><b>Inmaculada Blaya<\/b><span style=\"font-weight: 400\">, directora del Servei de Relacions Internacionals. Aix\u00ed mateix han assistit el delegat del rector per a la Transformaci\u00f3 Digital i membre actiu del grup de treball per a la plataforma educativa Campus+ de NeurotechEU, <\/span><b>Federico Botella<\/b><span style=\"font-weight: 400\">; la vicerectora d&#8217;Estudis, <\/span><b>Susana Fern\u00e1ndez de \u00c1vila<\/b><span style=\"font-weight: 400\">; diversos professors de la UMH implicats en la creaci\u00f3 de continguts docents de NeurotechEU, entre ells la directora del Centre d&#8217;Investigaci\u00f3 Translacional en Fisioter\u00e0pia, <\/span><b>Mar\u00eda del Carmen Lillo<\/b><span style=\"font-weight: 400\">, el professor de Fisiologia, <\/span><b>V\u00edctor Meseguer,<\/b><span style=\"font-weight: 400\"> i la investigadora Ram\u00f3n y Cajal de l&#8217;Institut de Neuroci\u00e8ncies<\/span><b>, Encarnaci\u00f3n Marcos.<\/b><span style=\"font-weight: 400\"> Tamb\u00e9 han participat la directora de l&#8217;\u00e0rea de Mobilitat de la UMH,<\/span><b> \u00c1frica Mart\u00ednez;<\/b><span style=\"font-weight: 400\"> l&#8217;experta en mobilitat internacional, <\/span><b>M\u00f3nica Candela<\/b><span style=\"font-weight: 400\">; els gestors d&#8217;estudis de la UMH, <\/span><b>Antonio Guerrero<\/b><span style=\"font-weight: 400\"> i <\/span><b>Remedio Naharro<\/b><span style=\"font-weight: 400\">; les gestores del projecte NeurotechEU, Mar\u00eda Jos\u00e9 Such, experta en gesti\u00f3 de la qualitat, i <\/span><b>Sonia Mart\u00edn<\/b><span style=\"font-weight: 400\">; la gestora de les activitats formatives, <\/span><b>Sandra Manzanero<\/b><span style=\"font-weight: 400\">; i la responsable de comunicaci\u00f3, <\/span><b>J\u00falia Santacreu.<\/b><span style=\"font-weight: 400\"> En aquesta reuni\u00f3 s&#8217;ha comptat amb la participaci\u00f3 activa dels representants de la UMH en el Student Council de NeurotechEU,<\/span><b> Jorge Maldonado i B\u00e1rbara Corral<\/b><span style=\"font-weight: 400\">, aix\u00ed com amb l&#8217;assist\u00e8ncia de l&#8217;estudiant de doctorat, <\/span><b>Jesica Mart\u00ednez Godfrey<\/b><span style=\"font-weight: 400\">.<\/span><\/p>\n<p style=\"text-align: justify\"><span style=\"font-weight: 400\">Durant l&#8217;Assemblea General, el rector de la UMH, Juan Jos\u00e9 Ru\u00edz, juntament amb el coordinador de NeurotechEU, Richard van Wezel, han donat la benvinguda a l&#8217;alian\u00e7a a la Universitat M\u00e8dica d&#8217;Innsbruck (\u00c0ustria). Micol, portaveu del Consell de Rectors de NeurotechEU: \u201cAquesta nova incorporaci\u00f3 suposa un potent impuls estrat\u00e8gic; significa que l&#8217;alian\u00e7a no nom\u00e9s creix en nombre, sin\u00f3 que es fortaleix com un ecosistema d&#8217;innovaci\u00f3 indispensable per definir el futur de la neurotecnologia i l&#8217;educaci\u00f3 superior a Europa\u201d.<\/span><\/p>\n<p style=\"text-align: justify\"><i><span style=\"font-weight: 400\"><img loading=\"lazy\" class=\"aligncenter wp-image-1423\" src=\"https:\/\/neurotecheu.umh.es\/files\/2025\/11\/J0A9310-1024x683.jpg\" alt=\"\" width=\"552\" height=\"368\" srcset=\"https:\/\/neurotecheu.umh.es\/files\/2025\/11\/J0A9310-1024x683.jpg 1024w, https:\/\/neurotecheu.umh.es\/files\/2025\/11\/J0A9310-300x200.jpg 300w, https:\/\/neurotecheu.umh.es\/files\/2025\/11\/J0A9310-768x512.jpg 768w, https:\/\/neurotecheu.umh.es\/files\/2025\/11\/J0A9310-1536x1024.jpg 1536w, https:\/\/neurotecheu.umh.es\/files\/2025\/11\/J0A9310-2048x1365.jpg 2048w\" sizes=\"(max-width: 552px) 100vw, 552px\" \/>(D&#8217;esq. a dreta) Gert Meyer, rector de MUI i Patrizia Stoitzner Vicepresidenta executiva de Recerca i Relacions Internacionals de MUI; Juan Jos\u00e9 Ru\u00edz, rector de la UMH i Richard van Wezel, coordinador de NeurotechEU.<\/span><\/i><\/p>\n<p style=\"text-align: justify\"><span style=\"font-weight: 400\">Els assistents de les vuit universitats aliades de NeurotechEU s&#8217;han congregat durant tres dies per assegurar que la bona feina continua i enfortir les relacions entre els equips. El programa s&#8217;ha dividit en diverses sessions plen\u00e0ries de l&#8217;Assemblea General i m\u00faltiples reunions paral\u00b7leles en qu\u00e8 els diferents \u00f2rgans gestors i els paquets de treball de l&#8217;alian\u00e7a han abordat temes crucials com la innovaci\u00f3 en mobilitat i l&#8217;impacte esperat de NeurotechEU. Tamb\u00e9 s&#8217;ha estudiat el text de l&#8217;informe intermedi de seguiment del projecte, previst per al mes de desembre, i els propers passos a seguir.<\/span><\/p>\n<p style=\"text-align: justify\"><span style=\"font-weight: 400\">NeurotechEU \u00e9s un projecte cofinan\u00e7at per la Comissi\u00f3 Europea que busca potenciar l&#8217;educaci\u00f3 i la formaci\u00f3 de futurs professionals i investigadors en l&#8217;\u00e0rea de la neurotecnologia, amb l&#8217;objectiu de posar soluci\u00f3 a problemes de salut relacionats amb la neuroci\u00e8ncia i la salut mental mitjan\u00e7ant tecnologies accessibles. A m\u00e9s de la UMH, l&#8217;Alian\u00e7a NeurotechEU est\u00e0 formada per altres universitats europees: la Universitat de Radboud de Nimega (Pa\u00efsos Baixos), l&#8217;Institut Karolinska (Su\u00e8cia), la Universitat de Bonn (Alemanya), la Universitat del B\u00f2sfor (Turquia), la Universitat de Medicina i Farm\u00e0cia Iuliu Hatieganu (Romania), la Universitat de Lille (Fran\u00e7a) i la Universitat de Reykjav\u00edk (Isl\u00e0ndia), a les quals s&#8217;incorpora la Universitat M\u00e8dica d&#8217;Innsbruck (\u00c0ustria).<\/span><\/p>\n<p><\/p>","protected":false},"excerpt":{"rendered":"<p>L&#8217;alian\u00e7a d&#8217;universitats europees Universitat del Cervell i la Tecnologia \u2013NeurotechEU\u2013 organitza dues Assemblees Generals a l&#8217;any amb l&#8217;objectiu de fer seguiment de l&#8217;estrat\u00e8gia de treball, aix\u00ed com estretir lla\u00e7os entre les universitats membres de l&#8217;alian\u00e7a. L&#8217;equip gestor de NeurotechEU a la Universitat Miguel Hern\u00e1ndez d&#8217;Elx (UMH) ha organitzat des del 4 al 6 de novembre [&#8230;]<\/p>\n","protected":false},"author":24743,"featured_media":0,"comment_status":"closed","ping_status":"open","sticky":false,"template":"","format":"standard","meta":{"ngg_post_thumbnail":0,"_links_to":"","_links_to_target":""},"categories":[23],"tags":[],"_links":{"self":[{"href":"https:\/\/neurotecheu.umh.es\/ca\/wp-json\/wp\/v2\/posts\/1417"}],"collection":[{"href":"https:\/\/neurotecheu.umh.es\/ca\/wp-json\/wp\/v2\/posts"}],"about":[{"href":"https:\/\/neurotecheu.umh.es\/ca\/wp-json\/wp\/v2\/types\/post"}],"author":[{"embeddable":true,"href":"https:\/\/neurotecheu.umh.es\/ca\/wp-json\/wp\/v2\/users\/24743"}],"replies":[{"embeddable":true,"href":"https:\/\/neurotecheu.umh.es\/ca\/wp-json\/wp\/v2\/comments?post=1417"}],"version-history":[{"count":0,"href":"https:\/\/neurotecheu.umh.es\/ca\/wp-json\/wp\/v2\/posts\/1417\/revisions"}],"wp:attachment":[{"href":"https:\/\/neurotecheu.umh.es\/ca\/wp-json\/wp\/v2\/media?parent=1417"}],"wp:term":[{"taxonomy":"category","embeddable":true,"href":"https:\/\/neurotecheu.umh.es\/ca\/wp-json\/wp\/v2\/categories?post=1417"},{"taxonomy":"post_tag","embeddable":true,"href":"https:\/\/neurotecheu.umh.es\/ca\/wp-json\/wp\/v2\/tags?post=1417"}],"curies":[{"name":"wp","href":"https:\/\/api.w.org\/{rel}","templated":true}]}}