{"id":1433,"date":"2025-11-19T10:00:27","date_gmt":"2025-11-19T09:00:27","guid":{"rendered":"https:\/\/neurotecheu.umh.es\/?p=1433"},"modified":"2025-11-20T09:36:41","modified_gmt":"2025-11-20T08:36:41","slug":"umh-ii-workshop-on-science-communication-how-to-adapt-to-the-format","status":"publish","type":"post","link":"https:\/\/neurotecheu.umh.es\/ca\/2025\/11\/19\/umh-ii-workshop-on-science-communication-how-to-adapt-to-the-format\/","title":{"rendered":"UMH II Workshop on Science Communication: How to adapt to the format"},"content":{"rendered":"<p><\/p>\n<p data-path-to-node=\"4\"><img loading=\"lazy\" class=\"wp-image-1466  alignright\" src=\"https:\/\/neurotecheu.umh.es\/files\/2025\/11\/Carteles_Sqaure_UMH-2-1024x1024.png\" alt=\"\" width=\"240\" height=\"240\" srcset=\"https:\/\/neurotecheu.umh.es\/files\/2025\/11\/Carteles_Sqaure_UMH-2-1024x1024.png 1024w, https:\/\/neurotecheu.umh.es\/files\/2025\/11\/Carteles_Sqaure_UMH-2-300x300.png 300w, https:\/\/neurotecheu.umh.es\/files\/2025\/11\/Carteles_Sqaure_UMH-2-150x150.png 150w, https:\/\/neurotecheu.umh.es\/files\/2025\/11\/Carteles_Sqaure_UMH-2-768x768.png 768w, https:\/\/neurotecheu.umh.es\/files\/2025\/11\/Carteles_Sqaure_UMH-2.png 1080w\" sizes=\"(max-width: 240px) 100vw, 240px\" \/>Parlar en p\u00fablic pot ser un repte, i sintetitzar la teua investigaci\u00f3 en un carrusel d&#8217;Instagram pot semblar que omet molta informaci\u00f3. No obstant aix\u00f2, hi ha aspectes clau que poden ajudar-te a preparar-te per a aquests reptes: a qui et dirigeixes, quin nivell de detall vols incloure i quin llenguatge utilitzar a cada publicaci\u00f3. Durant els dies 3 i 4 de desembre, <b>Luis Quevedo<\/b> i <b>Elena Garrido<\/b>, experts en comunicaci\u00f3 cient\u00edfica, oferiran eines sobre com adaptar contingut cient\u00edfic a dos formats completament diferents: el format oral i les xarxes socials.<\/p>\n<p data-path-to-node=\"6\"><b>Luis Quevedo<\/b> reuneix m\u00e9s de 20 anys d&#8217;experi\u00e8ncia en mitjans de comunicaci\u00f3 tant dels Estats Units com d&#8217;Am\u00e8rica Llatina i Espanya. Sense limitar-se a un \u00fanic format, Quevedo ha treballat en televisi\u00f3, r\u00e0dio i mitjans digitals, acostant sempre la ci\u00e8ncia al p\u00fablic d&#8217;una manera accessible i clara. Aix\u00ed, amb la seua \u00e0mplia experi\u00e8ncia ser\u00e0 el responsable d&#8217;<strong>exposar el treball textual i davant de la c\u00e0mera que acompanyen la comunicaci\u00f3 oral.<\/strong><\/p>\n<p data-path-to-node=\"7\">Per la seua banda, l&#8217;experta en comunicaci\u00f3 cient\u00edfica i institucional i responsable de la comunicaci\u00f3, premsa i divulgaci\u00f3 de l&#8217;Institut de Neuroci\u00e8ncies CSIC-UMH, <b>Elena Garrido<\/b>, descobrir\u00e0 als assistents <strong>com transformar un producte cient\u00edfic en contingut per a xarxes socials<\/strong>.<\/p>\n<ul data-path-to-node=\"8\">\n<li>\n<p data-path-to-node=\"8,0,0\"><b>Data:<\/b> 3 i 4 de desembre de 2025<\/p>\n<\/li>\n<li>\n<p data-path-to-node=\"8,1,0\"><b>Universitat amfitriona:<\/b> Universitat Miguel Hern\u00e1ndez d&#8217;Elx (UMH)<\/p>\n<\/li>\n<li>\n<p data-path-to-node=\"8,2,0\"><b>Per\u00edode de sol\u00b7licitud:<\/b> fins al 27 de novembre de 2025, 23:59 h CEST.<\/p>\n<\/li>\n<li>\n<p data-path-to-node=\"8,3,0\"><a href=\"https:\/\/drive.google.com\/file\/d\/1bcQw-k73zeDUV045XpFjJ9EWsNLRaPAY\/view?usp=drive_link\">Programa del curs<\/a><\/p>\n<\/li>\n<\/ul>\n<p data-path-to-node=\"9\">Si ets estudiant de la UMH i est\u00e0s interessat a participar,<a href=\"https:\/\/docs.google.com\/forms\/d\/e\/1FAIpQLSem7hze1mXuc3vZJOJO2DqU4KFXWyrKScx67th6_WKbigLWuQ\/viewform?usp=header\"> sol\u00b7licita l&#8217;admissi\u00f3 al taller en aquest enlla\u00e7 mitjan\u00e7ant un correu electr\u00f2nic institucional.<\/a> Si no ets estudiant de la UMH i tens inter\u00e8s a assistir presencialment, contacta amb l&#8217;Oficina de Projectes NeurotechEU de la teua universitat.<\/p>\n<p data-path-to-node=\"10\"><b>ATENCI\u00d3:<\/b> Per a obtindre el certificat del Workshop \u00e9s necessari assistir aal menys al 80% de les activitats programades, en el cas dels assistents membres de la UMH de manera presencial.<\/p>\n<p data-path-to-node=\"11\">Aquesta \u00e9s una activitat organitzada pel Synapses Club de la UMH i cofinan\u00e7ada per la Comissi\u00f3 Europea.<\/p>\n<p><\/p>","protected":false},"excerpt":{"rendered":"<p>Parlar en p\u00fablic pot ser un repte, i sintetitzar la teua investigaci\u00f3 en un carrusel d&#8217;Instagram pot semblar que omet molta informaci\u00f3. No obstant aix\u00f2, hi ha aspectes clau que poden ajudar-te a preparar-te per a aquests reptes: a qui et dirigeixes, quin nivell de detall vols incloure i quin llenguatge utilitzar a cada publicaci\u00f3. [&#8230;]<\/p>\n","protected":false},"author":24743,"featured_media":0,"comment_status":"closed","ping_status":"open","sticky":false,"template":"","format":"standard","meta":{"ngg_post_thumbnail":0,"_links_to":"","_links_to_target":""},"categories":[367229,1459918],"tags":[],"_links":{"self":[{"href":"https:\/\/neurotecheu.umh.es\/ca\/wp-json\/wp\/v2\/posts\/1433"}],"collection":[{"href":"https:\/\/neurotecheu.umh.es\/ca\/wp-json\/wp\/v2\/posts"}],"about":[{"href":"https:\/\/neurotecheu.umh.es\/ca\/wp-json\/wp\/v2\/types\/post"}],"author":[{"embeddable":true,"href":"https:\/\/neurotecheu.umh.es\/ca\/wp-json\/wp\/v2\/users\/24743"}],"replies":[{"embeddable":true,"href":"https:\/\/neurotecheu.umh.es\/ca\/wp-json\/wp\/v2\/comments?post=1433"}],"version-history":[{"count":0,"href":"https:\/\/neurotecheu.umh.es\/ca\/wp-json\/wp\/v2\/posts\/1433\/revisions"}],"wp:attachment":[{"href":"https:\/\/neurotecheu.umh.es\/ca\/wp-json\/wp\/v2\/media?parent=1433"}],"wp:term":[{"taxonomy":"category","embeddable":true,"href":"https:\/\/neurotecheu.umh.es\/ca\/wp-json\/wp\/v2\/categories?post=1433"},{"taxonomy":"post_tag","embeddable":true,"href":"https:\/\/neurotecheu.umh.es\/ca\/wp-json\/wp\/v2\/tags?post=1433"}],"curies":[{"name":"wp","href":"https:\/\/api.w.org\/{rel}","templated":true}]}}