{"id":1453,"date":"2025-11-24T09:00:39","date_gmt":"2025-11-24T08:00:39","guid":{"rendered":"https:\/\/neurotecheu.umh.es\/?p=1453"},"modified":"2025-11-24T10:08:38","modified_gmt":"2025-11-24T09:08:38","slug":"valencia-la-universitat-de-reykjavik-acull-lestudiant-de-doctorat-de-la-umh-a-lescola-dhivern-en-emprenedoria","status":"publish","type":"post","link":"https:\/\/neurotecheu.umh.es\/ca\/2025\/11\/24\/valencia-la-universitat-de-reykjavik-acull-lestudiant-de-doctorat-de-la-umh-a-lescola-dhivern-en-emprenedoria\/","title":{"rendered":"La Universitat de Reykjav\u00edk acull l&#8217;Estudiant de Doctorat de la UMH a l&#8217;Escola d&#8217;Hivern en Emprenedoria"},"content":{"rendered":"<p>La Universitat de Reykjav\u00edk (H\u00e1sk\u00f3linn \u00ed Reykjav\u00edk, HR, Isl\u00e0ndia) \u2013membre de la Universitat Europea del Cervell i la Tecnologia, NeurotechEU\u2013 ha impartit l&#8217;Escola d&#8217;Hivern: Practical Entrepreneurship for PhDs (Emprenedoria Pr\u00e0ctica per a Doctorands). Jorge Maldonado, estudiant del Programa de Doctorat en Neuroci\u00e8ncies de la Universitat Miguel Hern\u00e1ndez d&#8217;Elx (UMH), ha sigut el beneficiari de la pla\u00e7a oferida per NeurotechEU a la UMH.<\/p>\n<p><img loading=\"lazy\" class=\"aligncenter wp-image-1459 \" src=\"https:\/\/neurotecheu.umh.es\/files\/2025\/11\/HR-Winter-School-Enterpreneurship-e1763555979955-1024x661.jpeg\" alt=\"\" width=\"356\" height=\"230\" srcset=\"https:\/\/neurotecheu.umh.es\/files\/2025\/11\/HR-Winter-School-Enterpreneurship-e1763555979955-1024x661.jpeg 1024w, https:\/\/neurotecheu.umh.es\/files\/2025\/11\/HR-Winter-School-Enterpreneurship-e1763555979955-300x194.jpeg 300w, https:\/\/neurotecheu.umh.es\/files\/2025\/11\/HR-Winter-School-Enterpreneurship-e1763555979955-768x496.jpeg 768w, https:\/\/neurotecheu.umh.es\/files\/2025\/11\/HR-Winter-School-Enterpreneurship-e1763555979955.jpeg 1480w\" sizes=\"(max-width: 356px) 100vw, 356px\" \/><\/p>\n<p>Aquesta escola d&#8217;hivern tenia com a objectiu que els seus assistents pogueren, en cas de voler-ho, convertir-se en emprenedors amb les habilitats i eines necess\u00e0ries per transformar els descobriments cient\u00edfics en innovacions viables. Segons Maldonado, ha consistit en una formaci\u00f3 que escapa de la ci\u00e8ncia b\u00e0sica a la qual dedica el seu dia a dia; no obstant aix\u00f2, li ha perm\u00e9s tindre una visi\u00f3 general del m\u00f3n empresarial aplicat al m\u00f3n cient\u00edfic. A m\u00e9s, &#8220;ens han donat consells molt \u00fatils relacionats amb la gesti\u00f3 de les patents i, sobretot, sobre la gesti\u00f3 de la informaci\u00f3 mentre s&#8217;aconsegueix una patent&#8221;, afig el doctorand.<\/p>\n<p><img loading=\"lazy\" class=\"wp-image-1465 alignleft\" src=\"https:\/\/neurotecheu.umh.es\/files\/2025\/11\/HR-Winter-School-Enterpreneurship-3--768x1024.jpeg\" alt=\"\" width=\"168\" height=\"224\" srcset=\"https:\/\/neurotecheu.umh.es\/files\/2025\/11\/HR-Winter-School-Enterpreneurship-3--768x1024.jpeg 768w, https:\/\/neurotecheu.umh.es\/files\/2025\/11\/HR-Winter-School-Enterpreneurship-3--225x300.jpeg 225w, https:\/\/neurotecheu.umh.es\/files\/2025\/11\/HR-Winter-School-Enterpreneurship-3--1152x1536.jpeg 1152w, https:\/\/neurotecheu.umh.es\/files\/2025\/11\/HR-Winter-School-Enterpreneurship-3-.jpeg 1200w\" sizes=\"(max-width: 168px) 100vw, 168px\" \/>Quan Jorge va aplicar per a la pla\u00e7a oferida, ho va fer amb la idea de satisfer una manca de coneixement a l&#8217;hora de transformar un prototip en la distribuci\u00f3 del producte final. El programa va comptar amb diferents tallers en els quals els estudiants van haver de crear un pla de negoci en grup i simular la venda de la idea en qu\u00e8 van treballar. En el seu cas, aplicant el coneixement acabat d&#8217;adquirir en estrat\u00e8gies de m\u00e0rqueting, plans de negoci, patents i intel\u00b7lig\u00e8ncia artificial, el grup de Maldonado va inventar la idea d&#8217;Ecolink, una plataforma per reduir el turisme massiu.<\/p>\n<p>El programa de l&#8217;escola d&#8217;hivern, que ha tingut lloc al campus de H\u00e1sk\u00f3linn \u00ed Reykjav\u00edk a Reykjav\u00edk, ha comptat amb activitats socials amb les quals els assistents han pogut tant con\u00e9ixer-se entre si com gaudir de les aurores boreals islandeses.<\/p>\n<p><img loading=\"lazy\" class=\"wp-image-1462 aligncenter\" src=\"https:\/\/neurotecheu.umh.es\/files\/2025\/11\/HR-Winter-School-Enterpreneurship-4--1024x768.jpeg\" alt=\"\" width=\"469\" height=\"352\" srcset=\"https:\/\/neurotecheu.umh.es\/files\/2025\/11\/HR-Winter-School-Enterpreneurship-4--1024x768.jpeg 1024w, https:\/\/neurotecheu.umh.es\/files\/2025\/11\/HR-Winter-School-Enterpreneurship-4--300x225.jpeg 300w, https:\/\/neurotecheu.umh.es\/files\/2025\/11\/HR-Winter-School-Enterpreneurship-4--768x576.jpeg 768w, https:\/\/neurotecheu.umh.es\/files\/2025\/11\/HR-Winter-School-Enterpreneurship-4--1536x1152.jpeg 1536w, https:\/\/neurotecheu.umh.es\/files\/2025\/11\/HR-Winter-School-Enterpreneurship-4-.jpeg 1600w\" sizes=\"(max-width: 469px) 100vw, 469px\" \/><\/p>\n<p>Aquesta mobilitat ha sigut finan\u00e7ada per la Universitat Miguel Hern\u00e1ndez d&#8217;Elx, com a part de l&#8217;alian\u00e7a europea Universitat Europea del Cervell i la Tecnologia\u2013NeurotechEU. Aquesta alian\u00e7a \u00e9s un projecte cofinan\u00e7at per la Uni\u00f3 Europea amb l&#8217;objectiu d&#8217;impulsar la formaci\u00f3 transnacional a Europa, creant una xarxa internacional de coneixement i formaci\u00f3, en aquest cas, enfocada en la neurotecnologia.<\/p>","protected":false},"excerpt":{"rendered":"<p>La Universitat de Reykjav\u00edk (H\u00e1sk\u00f3linn \u00ed Reykjav\u00edk, HR, Isl\u00e0ndia) \u2013membre de la Universitat Europea del Cervell i la Tecnologia, NeurotechEU\u2013 ha impartit l&#8217;Escola d&#8217;Hivern: Practical Entrepreneurship for PhDs (Emprenedoria Pr\u00e0ctica per a Doctorands). Jorge Maldonado, estudiant del Programa de Doctorat en Neuroci\u00e8ncies de la Universitat Miguel Hern\u00e1ndez d&#8217;Elx (UMH), ha sigut el beneficiari de la [&#8230;]<\/p>\n","protected":false},"author":24743,"featured_media":0,"comment_status":"closed","ping_status":"open","sticky":false,"template":"","format":"standard","meta":{"ngg_post_thumbnail":0,"_links_to":"","_links_to_target":""},"categories":[1459912],"tags":[],"_links":{"self":[{"href":"https:\/\/neurotecheu.umh.es\/ca\/wp-json\/wp\/v2\/posts\/1453"}],"collection":[{"href":"https:\/\/neurotecheu.umh.es\/ca\/wp-json\/wp\/v2\/posts"}],"about":[{"href":"https:\/\/neurotecheu.umh.es\/ca\/wp-json\/wp\/v2\/types\/post"}],"author":[{"embeddable":true,"href":"https:\/\/neurotecheu.umh.es\/ca\/wp-json\/wp\/v2\/users\/24743"}],"replies":[{"embeddable":true,"href":"https:\/\/neurotecheu.umh.es\/ca\/wp-json\/wp\/v2\/comments?post=1453"}],"version-history":[{"count":0,"href":"https:\/\/neurotecheu.umh.es\/ca\/wp-json\/wp\/v2\/posts\/1453\/revisions"}],"wp:attachment":[{"href":"https:\/\/neurotecheu.umh.es\/ca\/wp-json\/wp\/v2\/media?parent=1453"}],"wp:term":[{"taxonomy":"category","embeddable":true,"href":"https:\/\/neurotecheu.umh.es\/ca\/wp-json\/wp\/v2\/categories?post=1453"},{"taxonomy":"post_tag","embeddable":true,"href":"https:\/\/neurotecheu.umh.es\/ca\/wp-json\/wp\/v2\/tags?post=1453"}],"curies":[{"name":"wp","href":"https:\/\/api.w.org\/{rel}","templated":true}]}}