{"id":1471,"date":"2025-11-25T13:27:50","date_gmt":"2025-11-25T12:27:50","guid":{"rendered":"https:\/\/neurotecheu.umh.es\/?p=1471"},"modified":"2025-11-25T13:30:03","modified_gmt":"2025-11-25T12:30:03","slug":"bonnbrain3-conference-from-genes-to-circuits-and-behavior","status":"publish","type":"post","link":"https:\/\/neurotecheu.umh.es\/ca\/2025\/11\/25\/bonnbrain3-conference-from-genes-to-circuits-and-behavior\/","title":{"rendered":"BonnBrain3 Conference : From Genes to Circuits and Behavior."},"content":{"rendered":"<p>&nbsp;<\/p>\n<p style=\"text-align: justify\"><img loading=\"lazy\" class=\"size-full wp-image-1474 alignright\" src=\"https:\/\/neurotecheu.umh.es\/files\/2025\/11\/Bonn-Brain-2026-Website.png\" alt=\"\" width=\"400\" height=\"275\" srcset=\"https:\/\/neurotecheu.umh.es\/files\/2025\/11\/Bonn-Brain-2026-Website.png 400w, https:\/\/neurotecheu.umh.es\/files\/2025\/11\/Bonn-Brain-2026-Website-300x206.png 300w\" sizes=\"(max-width: 400px) 100vw, 400px\" \/>El Centre Alemany per a Malalties Neurodegeneratives (DZNE), juntament amb la Universitat de Bonn i l&#8217;Institut Max Planck de Neurobiologia del Comportament &#8211; caesar, organitzen la 8\u00aa Confer\u00e8ncia internacional BonnBrain3. Del 23 al 25 de mar\u00e7 de 2026, estudiants, postdoctorats, joves investigadors i representants del sector industrial estan convidats a participar en sessions de simposis, pon\u00e8ncies magistrals (<i>keynotes<\/i>), sessions de p\u00f2sters, presentacions breus (<i>short talks<\/i>) i oportunitats de <i>networking<\/i> (<i>establiment de contactes<\/i>) interdisciplin\u00e0ries. Aquest esdeveniment internacional emfatitza l&#8217;intercanvi cient\u00edfic entre disciplines, amb l&#8217;objectiu d&#8217;enfortir la comunitat neurocient\u00edfica local i fomentar la col\u00b7laboraci\u00f3 global.<\/p>\n<p>&nbsp;<\/p>\n<h4 style=\"text-align: justify\">Com participar en BonnBrain2026:<\/h4>\n<p style=\"text-align: justify\" data-path-to-node=\"18\">La participaci\u00f3 en la Confer\u00e8ncia BonnBrain3 segueix un proc\u00e9s de dos passos: sol\u00b7licitud i, despr\u00e9s de la selecci\u00f3, registre. Nom\u00e9s hi ha <b>200 places disponibles<\/b>, i les sol\u00b7licituds seran avaluades de manera cont\u00ednua (<i>rolling basis<\/i>). Es recomana fermament la presentaci\u00f3 anticipada i ja \u00e9s possible a trav\u00e9s d&#8217;aquesta p\u00e0gina web.<\/p>\n<ul>\n<li data-path-to-node=\"19,0,0\"><b>Per\u00edode d&#8217;enviament de resums:<\/b> 1 de setembre \u2013 15 de desembre de 2025<\/li>\n<li data-path-to-node=\"19,1,0\"><b>Per\u00edode general de sol\u00b7licitud i registre:<\/b> 1 de setembre de 2025 \u2013 28 de febrer de 2026<\/li>\n<li data-path-to-node=\"19,2,0\"><b>Notificaci\u00f3 de selecci\u00f3 per a presentacions:<\/b> abans del 15 de gener de 2026<\/li>\n<\/ul>\n<p style=\"text-align: justify\" data-path-to-node=\"20\">Tots els resums enviats seran considerats per a la presentaci\u00f3 de p\u00f2sters, i els resums seleccionats seran convidats a realitzar presentacions breus o una presentaci\u00f3 &#8220;Posterblitz&#8221; despr\u00e9s de la Pon\u00e8ncia Inaugural (<i>Opening Keynote<\/i>).<\/p>\n<p style=\"text-align: justify\" data-path-to-node=\"21\">&nbsp;<\/p>\n<h4 style=\"text-align: justify\">Temes per a l&#8217;enviament de resums:<\/h4>\n<ul style=\"text-align: justify\">\n<li data-path-to-node=\"22,0,0\">Neuroci\u00e8ncia cel\u00b7lular i molecular<\/li>\n<li data-path-to-node=\"22,1,0\">Neuroci\u00e8ncia de circuits i sistemes<\/li>\n<li data-path-to-node=\"22,2,0\">Cognici\u00f3 i comportament<\/li>\n<li data-path-to-node=\"22,3,0\">Neuroci\u00e8ncia computacional i te\u00f2rica<\/li>\n<li data-path-to-node=\"22,4,0\">Desenvolupament del sistema nervi\u00f3s<\/li>\n<li data-path-to-node=\"22,5,0\">Trastorns del sistema nervi\u00f3s<\/li>\n<li data-path-to-node=\"22,6,0\">Interaccions glials i neuro-glials<\/li>\n<li data-path-to-node=\"22,7,0\">Tecnologies<\/li>\n<\/ul>\n<p style=\"text-align: justify\" data-path-to-node=\"23\">Obt\u00e9n m\u00e9s informaci\u00f3 i sol\u00b7licita la teua participaci\u00f3 en BonnBrain2026 <a href=\"https:\/\/bonnbrain.de\/\">a trav\u00e9s del web oficial de la confer\u00e8ncia<\/a>. Es recomana presentar les sol\u00b7licituds amb antelaci\u00f3 a causa de la disponibilitat limitada. La Universitat Miguel Hern\u00e1ndez d&#8217;Elx (UMH)<strong> no cobreix aquesta mobilitat.<\/strong> Pots consultar les mobilitats cobertes per la UMH <a href=\"https:\/\/neurotecheu.umh.es\/movilidad-umh\/\">ac\u00ed<\/a>.<\/p>\n<p><\/p>","protected":false},"excerpt":{"rendered":"<p>&nbsp;<br \/>\nEl Centre Alemany per a Malalties Neurodegeneratives (DZNE), juntament amb la Universitat de Bonn i l&#8217;Institut Max Planck de Neurobiologia del Comportament &#8211; caesar, organitzen la 8\u00aa Confer\u00e8ncia internacional BonnBrain3. Del 23 al 25 de mar\u00e7 de 2026, estudiants, postdoctorats, joves investigadors i representants del sector industrial estan convidats a participar en sessions de simposis, [&#8230;]<\/p>\n","protected":false},"author":24743,"featured_media":0,"comment_status":"closed","ping_status":"open","sticky":false,"template":"","format":"standard","meta":{"ngg_post_thumbnail":0,"_links_to":"","_links_to_target":""},"categories":[1750],"tags":[],"_links":{"self":[{"href":"https:\/\/neurotecheu.umh.es\/ca\/wp-json\/wp\/v2\/posts\/1471"}],"collection":[{"href":"https:\/\/neurotecheu.umh.es\/ca\/wp-json\/wp\/v2\/posts"}],"about":[{"href":"https:\/\/neurotecheu.umh.es\/ca\/wp-json\/wp\/v2\/types\/post"}],"author":[{"embeddable":true,"href":"https:\/\/neurotecheu.umh.es\/ca\/wp-json\/wp\/v2\/users\/24743"}],"replies":[{"embeddable":true,"href":"https:\/\/neurotecheu.umh.es\/ca\/wp-json\/wp\/v2\/comments?post=1471"}],"version-history":[{"count":0,"href":"https:\/\/neurotecheu.umh.es\/ca\/wp-json\/wp\/v2\/posts\/1471\/revisions"}],"wp:attachment":[{"href":"https:\/\/neurotecheu.umh.es\/ca\/wp-json\/wp\/v2\/media?parent=1471"}],"wp:term":[{"taxonomy":"category","embeddable":true,"href":"https:\/\/neurotecheu.umh.es\/ca\/wp-json\/wp\/v2\/categories?post=1471"},{"taxonomy":"post_tag","embeddable":true,"href":"https:\/\/neurotecheu.umh.es\/ca\/wp-json\/wp\/v2\/tags?post=1471"}],"curies":[{"name":"wp","href":"https:\/\/api.w.org\/{rel}","templated":true}]}}