{"id":1495,"date":"2025-12-10T12:29:11","date_gmt":"2025-12-10T11:29:11","guid":{"rendered":"https:\/\/neurotecheu.umh.es\/?p=1495"},"modified":"2025-12-10T12:29:11","modified_gmt":"2025-12-10T11:29:11","slug":"iix-intensive-german-course","status":"publish","type":"post","link":"https:\/\/neurotecheu.umh.es\/ca\/2025\/12\/10\/iix-intensive-german-course\/","title":{"rendered":"IIX Intensive German course"},"content":{"rendered":"<p><\/p>\n<p style=\"text-align: justify\"><img loading=\"lazy\" class=\"wp-image-1498 alignright\" src=\"https:\/\/neurotecheu.umh.es\/files\/2025\/12\/Bonn-intensive-course-march--1024x687.jpg\" alt=\"\" width=\"492\" height=\"330\" srcset=\"https:\/\/neurotecheu.umh.es\/files\/2025\/12\/Bonn-intensive-course-march--1024x687.jpg 1024w, https:\/\/neurotecheu.umh.es\/files\/2025\/12\/Bonn-intensive-course-march--300x201.jpg 300w, https:\/\/neurotecheu.umh.es\/files\/2025\/12\/Bonn-intensive-course-march--768x515.jpg 768w, https:\/\/neurotecheu.umh.es\/files\/2025\/12\/Bonn-intensive-course-march--1536x1030.jpg 1536w, https:\/\/neurotecheu.umh.es\/files\/2025\/12\/Bonn-intensive-course-march-.jpg 1610w\" sizes=\"(max-width: 492px) 100vw, 492px\" \/>La Universitat de Bonn, endins del marc de l&#8217;Universitat Europea del Cervell i la Tecnologia -NeurotechEU, l&#8217;octava edici\u00f3 dels <strong>Cursos Intensius d&#8217;Alemany<\/strong>. Este curs est\u00e0 pensat per a <strong>estudiants de grau, m\u00e0ster i doctorat<\/strong> i tindr\u00e0 lloc <strong>el mar\u00e7 de 2026 a Bonn (Alemanya)<\/strong>. A m\u00e9s, els assistents participaran en un esdeveniment relacionat amb la neuroci\u00e8ncia.<\/p>\n<ul>\n<li style=\"text-align: justify\"><strong>Data<\/strong>: Des del 4 fins al 26 de mar\u00e7, 2026<\/li>\n<li style=\"text-align: justify\"><strong>Universitat amfitriona<\/strong>: Rheinische Friedrich-Wilhelms-Universit\u00e4t Bonn (UBO, Alemanya)<\/li>\n<li style=\"text-align: justify\"><strong>Per\u00edode d&#8217;inscripci\u00f3:<\/strong> Fins al 19 de desembre de 2025<\/li>\n<li style=\"text-align: justify\"><strong>Per a m\u00e9s informaci\u00f3<\/strong>: <a href=\"https:\/\/www.neurotecheu.uni-bonn.de\/en\/news-nteu\/copy2_of_call-for-applications-intensive-german-course\">enlla\u00e7<\/a><\/li>\n<\/ul>\n<p style=\"text-align: justify\">Per a sol\u00b7licitar l&#8217;admissi\u00f3 al curs, s&#8217;han d&#8217;enviar els seg\u00fcents documents per correu electr\u00f2nic a Uta Brus (u.brus@uni-bonn.de), coordinadora del curs:<\/p>\n<ul>\n<li style=\"text-align: justify\">Certificat Oficial de Qualificacions (llista de notes i ECTS)<\/li>\n<li style=\"text-align: justify\">CV en angl\u00e9s o alemany<\/li>\n<li style=\"text-align: justify\">Fotoc\u00f2pia del DNI<\/li>\n<li style=\"text-align: justify\">Redacci\u00f3 responent a: \u2018<em>Why bother learning German when everything is in English?<\/em>\u2019 (250 paraules aproximadament)<\/li>\n<\/ul>\n<p style=\"text-align: justify\">Una vegada realitzada i aprovada la sol\u00b7licitud, podr\u00e0 saber a qu\u00e8 nivell aplicar\u00e0 a trav\u00e9s del formulari que la universitat organitzadora li facilitar\u00e0.<\/p>\n<p style=\"text-align: justify\">Este esdeveniment \u00e9s gratu\u00eft i est\u00e0 organitzat per NeurotechEU i la universitat membre la Universitat de Bonn. No obstant aix\u00f2, <strong>la Universitat Miguel Hern\u00e1ndez d&#8217;Elx no cobrix esta mobilitat<\/strong>. Pot consultar <a href=\"https:\/\/neurotecheu.umh.es\/ca\/category\/movilidades\/\">les mobilitats cobertes per la UMH ac\u00ed<\/a>.<\/p>\n<p><\/p>","protected":false},"excerpt":{"rendered":"<p>La Universitat de Bonn, endins del marc de l&#8217;Universitat Europea del Cervell i la Tecnologia -NeurotechEU, l&#8217;octava edici\u00f3 dels Cursos Intensius d&#8217;Alemany. Este curs est\u00e0 pensat per a estudiants de grau, m\u00e0ster i doctorat i tindr\u00e0 lloc el mar\u00e7 de 2026 a Bonn (Alemanya). A m\u00e9s, els assistents participaran en un esdeveniment relacionat amb la [&#8230;]<\/p>\n","protected":false},"author":24743,"featured_media":0,"comment_status":"closed","ping_status":"open","sticky":false,"template":"","format":"standard","meta":{"ngg_post_thumbnail":0,"_links_to":"","_links_to_target":""},"categories":[1750],"tags":[],"_links":{"self":[{"href":"https:\/\/neurotecheu.umh.es\/ca\/wp-json\/wp\/v2\/posts\/1495"}],"collection":[{"href":"https:\/\/neurotecheu.umh.es\/ca\/wp-json\/wp\/v2\/posts"}],"about":[{"href":"https:\/\/neurotecheu.umh.es\/ca\/wp-json\/wp\/v2\/types\/post"}],"author":[{"embeddable":true,"href":"https:\/\/neurotecheu.umh.es\/ca\/wp-json\/wp\/v2\/users\/24743"}],"replies":[{"embeddable":true,"href":"https:\/\/neurotecheu.umh.es\/ca\/wp-json\/wp\/v2\/comments?post=1495"}],"version-history":[{"count":0,"href":"https:\/\/neurotecheu.umh.es\/ca\/wp-json\/wp\/v2\/posts\/1495\/revisions"}],"wp:attachment":[{"href":"https:\/\/neurotecheu.umh.es\/ca\/wp-json\/wp\/v2\/media?parent=1495"}],"wp:term":[{"taxonomy":"category","embeddable":true,"href":"https:\/\/neurotecheu.umh.es\/ca\/wp-json\/wp\/v2\/categories?post=1495"},{"taxonomy":"post_tag","embeddable":true,"href":"https:\/\/neurotecheu.umh.es\/ca\/wp-json\/wp\/v2\/tags?post=1495"}],"curies":[{"name":"wp","href":"https:\/\/api.w.org\/{rel}","templated":true}]}}