{"id":1538,"date":"2026-02-06T09:31:38","date_gmt":"2026-02-06T08:31:38","guid":{"rendered":"https:\/\/neurotecheu.umh.es\/?p=1538"},"modified":"2026-02-06T09:31:38","modified_gmt":"2026-02-06T08:31:38","slug":"women-of-neurotecheu-empower-lead-innovate","status":"publish","type":"post","link":"https:\/\/neurotecheu.umh.es\/ca\/2026\/02\/06\/women-of-neurotecheu-empower-lead-innovate\/","title":{"rendered":"Women of NeurotechEU: Empower, Lead, Innovate"},"content":{"rendered":"<p><img loading=\"lazy\" class=\"wp-image-1541 alignright\" src=\"https:\/\/neurotecheu.umh.es\/files\/2026\/02\/Women-of-NTEU-2026-vizual-819x1024.png\" alt=\"\" width=\"197\" height=\"246\" srcset=\"https:\/\/neurotecheu.umh.es\/files\/2026\/02\/Women-of-NTEU-2026-vizual-819x1024.png 819w, https:\/\/neurotecheu.umh.es\/files\/2026\/02\/Women-of-NTEU-2026-vizual-240x300.png 240w, https:\/\/neurotecheu.umh.es\/files\/2026\/02\/Women-of-NTEU-2026-vizual-768x960.png 768w, https:\/\/neurotecheu.umh.es\/files\/2026\/02\/Women-of-NTEU-2026-vizual.png 1080w\" sizes=\"(max-width: 197px) 100vw, 197px\" \/>La Universitat de Medicina i Farm\u00e0cia \u201cIuliu Ha\u021bieganu\u201d (UMF) de Cluj-Napoca (Ruman\u00eda), membre de la Universitat Europea del Cervell i la Tecnologia \u2013NeurotechEU, organitza la confer\u00e8ncia Women of NeurotechEU: Empower, Lead, Innovate amb motiu del Dia Mundial de la Dona.<\/p>\n<p>Durant dos dies, dones en llocs de lideratge dins del marc de NeurotechEU es reuniran amb investigadores, professionals cl\u00ednics, innovadores i responsables de la presa de decisions, per a explorar com el lideratge definix el futur de la neurotecnologia, la ci\u00e8ncia i la societat.<\/p>\n<p>El programa de l&#8217;esdeveniment inclou confer\u00e8ncies, tallers interactius i debats orientats al di\u00e0leg en els quals els participants adquiriran habilitats de lideratge, aix\u00ed com una perspectiva multicultural al respecte.<\/p>\n<ul>\n<li>Data: 9 i 10 de mar\u00e7<\/li>\n<li>Universitat Amfitriona: \u201cIuliu Ha\u021bieganu\u201d University of Medicine and Pharmacy a Cluj-Napoca (UMF, Romania)<\/li>\n<li>Inscripci\u00f3 per a assistir de manera virtual: <a href=\"https:\/\/urldefense.com\/v3\/__https:\/\/forms.gle\/yUNpuriCoUYLpYwx9__;!!D9dNQwwGXtA!RDMVn8fMdw2fpYluKCrwJaf2F2GoQ3qxhEIhUU2gAK_0PWjlukV-F_1JcU3kw5Y2cmAgkvdqSCVZVAMdH0t2kbOkXvPc$\">Google Form<\/a><\/li>\n<li>Enlla\u00e7os d&#8217;inter\u00e9s: <a href=\"https:\/\/theneurotech.eu\/save-date-and-join-women-neurotecheu-empower-lead-innovate\">link<\/a><\/li>\n<\/ul>\n<p>La Universitat Miguel Hern\u00e1ndez d&#8217;Elx (UMH) no cobrix el despla\u00e7ament per a assistir en persona a este esdeveniment. No obstant aix\u00f2, es convida a la comunitat universit\u00e0ria de la UMH a participar en l&#8217;esdeveniment de manera virtual sense cap cost.<\/p>\n<p><i><span style=\"font-weight: 400\"><img loading=\"lazy\" class=\" wp-image-1348 alignleft\" src=\"https:\/\/neurotecheu.umh.es\/files\/2025\/07\/UE-Logo.png\" alt=\"\" width=\"186\" height=\"120\"><\/span><\/i><\/p>\n<p>&nbsp;<\/p>\n<p><i><span style=\"font-weight: 400\">*NeurotechEU es una alianza financiada por la Uni\u00f3n Europea. Sin embargo, las opiniones y puntos de vista expresados son exclusivamente los de los autores y no reflejan necesariamente los de la Uni\u00f3n Europea ni los de la Universidad Miguel Hern\u00e1ndez de Elche. Ni la Uni\u00f3n Europea ni la autoridad que concede la subvenci\u00f3n se responsabilizan de ellos.<\/span><\/i><\/p>","protected":false},"excerpt":{"rendered":"<p>La Universitat de Medicina i Farm\u00e0cia \u201cIuliu Ha\u021bieganu\u201d (UMF) de Cluj-Napoca (Ruman\u00eda), membre de la Universitat Europea del Cervell i la Tecnologia \u2013NeurotechEU, organitza la confer\u00e8ncia Women of NeurotechEU: Empower, Lead, Innovate amb motiu del Dia Mundial de la Dona.<br \/>\nDurant dos dies, dones en llocs de lideratge dins del marc de NeurotechEU es reuniran amb [&#8230;]<\/p>\n","protected":false},"author":24743,"featured_media":0,"comment_status":"closed","ping_status":"open","sticky":false,"template":"","format":"standard","meta":{"ngg_post_thumbnail":0,"_links_to":"","_links_to_target":""},"categories":[228],"tags":[],"_links":{"self":[{"href":"https:\/\/neurotecheu.umh.es\/ca\/wp-json\/wp\/v2\/posts\/1538"}],"collection":[{"href":"https:\/\/neurotecheu.umh.es\/ca\/wp-json\/wp\/v2\/posts"}],"about":[{"href":"https:\/\/neurotecheu.umh.es\/ca\/wp-json\/wp\/v2\/types\/post"}],"author":[{"embeddable":true,"href":"https:\/\/neurotecheu.umh.es\/ca\/wp-json\/wp\/v2\/users\/24743"}],"replies":[{"embeddable":true,"href":"https:\/\/neurotecheu.umh.es\/ca\/wp-json\/wp\/v2\/comments?post=1538"}],"version-history":[{"count":0,"href":"https:\/\/neurotecheu.umh.es\/ca\/wp-json\/wp\/v2\/posts\/1538\/revisions"}],"wp:attachment":[{"href":"https:\/\/neurotecheu.umh.es\/ca\/wp-json\/wp\/v2\/media?parent=1538"}],"wp:term":[{"taxonomy":"category","embeddable":true,"href":"https:\/\/neurotecheu.umh.es\/ca\/wp-json\/wp\/v2\/categories?post=1538"},{"taxonomy":"post_tag","embeddable":true,"href":"https:\/\/neurotecheu.umh.es\/ca\/wp-json\/wp\/v2\/tags?post=1538"}],"curies":[{"name":"wp","href":"https:\/\/api.w.org\/{rel}","templated":true}]}}