{"id":1561,"date":"2026-02-23T09:26:05","date_gmt":"2026-02-23T08:26:05","guid":{"rendered":"https:\/\/neurotecheu.umh.es\/?p=1561"},"modified":"2026-02-23T09:26:05","modified_gmt":"2026-02-23T08:26:05","slug":"stratneuro-retreat-2026","status":"publish","type":"post","link":"https:\/\/neurotecheu.umh.es\/ca\/2026\/02\/23\/stratneuro-retreat-2026\/","title":{"rendered":"StratNeuro Retreat 2026"},"content":{"rendered":"<p><img loading=\"lazy\" class=\"size-full wp-image-1574 alignright\" src=\"https:\/\/neurotecheu.umh.es\/files\/2026\/02\/GA-Summit-website-visual.png\" alt=\"\" width=\"400\" height=\"275\" srcset=\"https:\/\/neurotecheu.umh.es\/files\/2026\/02\/GA-Summit-website-visual.png 400w, https:\/\/neurotecheu.umh.es\/files\/2026\/02\/GA-Summit-website-visual-300x206.png 300w\" sizes=\"(max-width: 400px) 100vw, 400px\" \/>El Karolinska Institutet, membre de l&#8217;Alian\u00e7a NeurotechEU, organitza, juntament amb Ume\u00e5 University i The Royal Institute of&nbsp; Technology (KTH), el retir anual StratNeuro. <strong><span style=\"color: #000080\">Del 3 al 5 de juny,<\/span><\/strong> en l&#8217;Arxip\u00e8lag d&#8217;Estocolm, <strong><span style=\"color: #000080\">estudiants de doctorat i investigadors novells<\/span><\/strong> podran assistir a confer\u00e8ncies impartides per investigadors locals i destacats neurocient\u00edfics convidats, els qui compartiran les \u00faltimes investigacions en els diversos camps de la neuroci\u00e8ncia, des del nivell molecular fins al cognitiu i el social.<\/p>\n<p>Alguns dels ponents clau d&#8217;esta edici\u00f3 s\u00f3n Anne Sch\u00e4fer, Max Planck Institute for Biology of Ageing, Germany; Nachum Ulanovsky, Weizmann Institute of Science, Israel; Gr\u00e9goire Courtine i Jocelyne Bloch, EPFL and Lausanne University Hospital, Switzerland.<\/p>\n<p>El StratNeuro Retreat crea un entorn en el qual els assistents troben un espai per a fer cr\u00e9ixer la seua xarxa de contactes alhora que discutixen el seu treball amb altres experts durant la popular sessi\u00f3 de p\u00f2sters. A m\u00e9s, enguany el retir comptar\u00e0 amb un dia especial, el 3 de juny, en el qual les jornades estaran dirigides exclusivament als estudiants de doctorat i se centraran en el seu desenrotllament professional.<\/p>\n<ul>\n<li><strong>Data<\/strong>: 3-5 de juny de 2026<\/li>\n<li><strong>Universitat Amfitriona<\/strong>: Karolinska Institutet (KI, Su\u00e8cia)<\/li>\n<li><strong>Data L\u00edmit de Preinscripci\u00f3 en KI<\/strong>: fins a les 23.59 hores CEST hores del 16 de mar\u00e7<\/li>\n<li><strong>Places cobertes per la UMH:<\/strong> 2<\/li>\n<li><strong>Data l\u00edmit per a sol\u00b7licitar pla\u00e7a coberta per la UMH<\/strong>: fins a les 23.59 hores CEST del 9 de mar\u00e7<\/li>\n<li><strong>Enlla\u00e7os d&#8217;inter\u00e9s:<\/strong> link.<\/li>\n<\/ul>\n<p>Qu\u00e8 opinen els assistents d&#8217;edicions anteriors del StratNeuro Retreat?<\/p>\n<p><a href=\"https:\/\/neurotecheu.umh.es\/2024\/09\/02\/manuela-de-las-casas-doctoranda-en-neurotecheu-fue-como-hacer-turismo-cientifico\/\"><img loading=\"lazy\" class=\"wp-image-1564\" src=\"https:\/\/neurotecheu.umh.es\/files\/2026\/02\/StratNeuro-Retreat-2024_testimonio.png\" alt=\"\" width=\"416\" height=\"164\" srcset=\"https:\/\/neurotecheu.umh.es\/files\/2026\/02\/StratNeuro-Retreat-2024_testimonio.png 512w, https:\/\/neurotecheu.umh.es\/files\/2026\/02\/StratNeuro-Retreat-2024_testimonio-300x118.png 300w\" sizes=\"(max-width: 416px) 100vw, 416px\" \/><\/a><a href=\"https:\/\/neurotecheu.umh.es\/2025\/06\/12\/augusto-escalante-investigador-senior-del-instituto-de-neurociencias-csic-umh-sali-del-stratneuro-retreat-2025-con-energia-y-lleno-de-nuevas-ideas\/\"><img loading=\"lazy\" class=\"wp-image-1567\" src=\"https:\/\/neurotecheu.umh.es\/files\/2026\/02\/StratNeuro-Retreat-2025_testimonio.png\" alt=\"\" width=\"380\" height=\"161\" srcset=\"https:\/\/neurotecheu.umh.es\/files\/2026\/02\/StratNeuro-Retreat-2025_testimonio.png 512w, https:\/\/neurotecheu.umh.es\/files\/2026\/02\/StratNeuro-Retreat-2025_testimonio-300x127.png 300w\" sizes=\"(max-width: 380px) 100vw, 380px\" \/><\/a><\/p>\n<p>Si est\u00e0 interessat a aplicar, seguisca el procediment indicat en: <a href=\"https:\/\/neurotecheu.umh.es\/movilidad-umh\/como-solicitar-plaza-a-traves-de-la-umh\/\">Com aplicar a trav\u00e9s de la UMH<\/a>.* Per a m\u00e9s informaci\u00f3, contacte&#8217;ns en neurotecheu@umh.es. La Universitat Miguel Hern\u00e1ndez d&#8217;Elx (UMH) cobrir\u00e0 dos places per a esta mobilitat. Tinga en compte que la UMH es reserva el dret de no atorgar les places oferides si aix\u00ed ho proposa la comissi\u00f3 de selecci\u00f3.<\/p>\n<p>* Aquelles sol\u00b7licituds d&#8217;estudiants o investigadors novells que siguen acceptades pel *Karolinska *Institutet sense haver realitzat, <strong><span style=\"color: #000080\">dins del termini i en la forma corresponent<\/span><\/strong>, la sol\u00b7licitud de pla\u00e7a finan\u00e7ada per la UMH no seran cobertes econ\u00f2micament.<\/p>","protected":false},"excerpt":{"rendered":"<p>El Karolinska Institutet, membre de l&#8217;Alian\u00e7a NeurotechEU, organitza, juntament amb Ume\u00e5 University i The Royal Institute of&nbsp; Technology (KTH), el retir anual StratNeuro. Del 3 al 5 de juny, en l&#8217;Arxip\u00e8lag d&#8217;Estocolm, estudiants de doctorat i investigadors novells podran assistir a confer\u00e8ncies impartides per investigadors locals i destacats neurocient\u00edfics convidats, els qui compartiran les \u00faltimes [&#8230;]<\/p>\n","protected":false},"author":24743,"featured_media":0,"comment_status":"closed","ping_status":"open","sticky":false,"template":"","format":"standard","meta":{"ngg_post_thumbnail":0,"_links_to":"","_links_to_target":""},"categories":[3747],"tags":[],"_links":{"self":[{"href":"https:\/\/neurotecheu.umh.es\/ca\/wp-json\/wp\/v2\/posts\/1561"}],"collection":[{"href":"https:\/\/neurotecheu.umh.es\/ca\/wp-json\/wp\/v2\/posts"}],"about":[{"href":"https:\/\/neurotecheu.umh.es\/ca\/wp-json\/wp\/v2\/types\/post"}],"author":[{"embeddable":true,"href":"https:\/\/neurotecheu.umh.es\/ca\/wp-json\/wp\/v2\/users\/24743"}],"replies":[{"embeddable":true,"href":"https:\/\/neurotecheu.umh.es\/ca\/wp-json\/wp\/v2\/comments?post=1561"}],"version-history":[{"count":0,"href":"https:\/\/neurotecheu.umh.es\/ca\/wp-json\/wp\/v2\/posts\/1561\/revisions"}],"wp:attachment":[{"href":"https:\/\/neurotecheu.umh.es\/ca\/wp-json\/wp\/v2\/media?parent=1561"}],"wp:term":[{"taxonomy":"category","embeddable":true,"href":"https:\/\/neurotecheu.umh.es\/ca\/wp-json\/wp\/v2\/categories?post=1561"},{"taxonomy":"post_tag","embeddable":true,"href":"https:\/\/neurotecheu.umh.es\/ca\/wp-json\/wp\/v2\/tags?post=1561"}],"curies":[{"name":"wp","href":"https:\/\/api.w.org\/{rel}","templated":true}]}}