{"id":1660,"date":"2026-04-13T13:07:10","date_gmt":"2026-04-13T11:07:10","guid":{"rendered":"https:\/\/neurotecheu.umh.es\/?p=1660"},"modified":"2026-04-13T14:02:16","modified_gmt":"2026-04-13T12:02:16","slug":"el-consejo-de-gobierno-de-neurotecheu-se-reune-para-determinar-la-estrategia-a-seguir-los-dos-ultimos-anos-de-la-segunda-fase","status":"publish","type":"post","link":"https:\/\/neurotecheu.umh.es\/ca\/2026\/04\/13\/el-consejo-de-gobierno-de-neurotecheu-se-reune-para-determinar-la-estrategia-a-seguir-los-dos-ultimos-anos-de-la-segunda-fase\/","title":{"rendered":"El Consell de Govern de NeurotechEU es reunix per a determinar l&#8217;estrat\u00e8gia a seguir els dos \u00faltims anys de la segona fase"},"content":{"rendered":"<p><\/p>\n<p style=\"text-align: justify\">Despr\u00e9s de superar l&#8217;equador de la segona fase (2023-2027) de la Universitat Europea del Cervell i la Tecnologia &#8211; NeurotechEU, el Consell de Govern de l&#8217;Alian\u00e7a s&#8217;ha reunit en la Universitat de Radboud els dies 8 i 9 d&#8217;abril, amb l&#8217;objectiu de consolidar les l\u00ednies d&#8217;actuaci\u00f3 que marcaran el tancament d&#8217;esta segona etapa. La Universitat Miguel Hern\u00e1ndez d&#8217;Elx (UMH) ha sigut representada per la l\u00edder acad\u00e8mica del projecte en la UMH i directora de l&#8217;Institut de Neuroci\u00e8ncies, centre mixt de la UMH i del Consell Superior d&#8217;Investigaci\u00f3 Cient\u00edfica, Juana Gallar.<\/p>\n<div id=\"attachment_1661\" style=\"width: 473px\" class=\"wp-caption aligncenter\"><img aria-describedby=\"caption-attachment-1661\" loading=\"lazy\" class=\"wp-image-1661\" title=\"\u00a9 Mark Vlek de Coningh on LinkedIN\" src=\"https:\/\/neurotecheu.umh.es\/files\/2026\/04\/BoG-RU-2026-1024x576.jpg\" alt=\"\" width=\"463\" height=\"260\" srcset=\"https:\/\/neurotecheu.umh.es\/files\/2026\/04\/BoG-RU-2026-1024x576.jpg 1024w, https:\/\/neurotecheu.umh.es\/files\/2026\/04\/BoG-RU-2026-300x169.jpg 300w, https:\/\/neurotecheu.umh.es\/files\/2026\/04\/BoG-RU-2026-768x432.jpg 768w, https:\/\/neurotecheu.umh.es\/files\/2026\/04\/BoG-RU-2026.jpg 1280w\" sizes=\"(max-width: 463px) 100vw, 463px\" \/><p id=\"caption-attachment-1661\" class=\"wp-caption-text\">\u00a9 Mark Vlek de Coningh on LinkedIN<\/p><\/div>\n<p style=\"text-align: justify\">Durant tres dies, els assistents han establit l&#8217;estrat\u00e8gia a seguir per a garantir el compliment dels objectius de NeurotechEU. Entre els temes tractats, han destacat l&#8217;estandarditzaci\u00f3 dels processos dins del marc de l&#8217;Alian\u00e7a i el disseny d&#8217;accions concretes per a augmentar la mobilitat d&#8217;estudiants entre universitats membres i les seues institucions associades, inclosa la promoci\u00f3 de la internacionalitzaci\u00f3 a casa. Aix\u00ed mateix, s&#8217;ha proposat la creaci\u00f3 del <em>Brain Bus<\/em>, un itinerari d&#8217;activitats de divulgaci\u00f3 de la neurotecnolog\u00eda, dirigit a estudiants preuniversitaris, estudiants de grau i a la poblaci\u00f3 general.<\/p>\n<p style=\"text-align: justify\">NeurotechEU \u00e9s una alian\u00e7a de nou universitats europees finan\u00e7ada per la Comissi\u00f3 Europea, en el marc del Programa Erasmus+ d&#8217;Universitats Europees. L&#8217;objectiu d&#8217;esta iniciativa \u00e9s impulsar aliances transnacionals per a crear campus interuniversitaris d&#8217;educaci\u00f3 superior. En el cas de NeurotechEU, l&#8217;\u00e0rea de formaci\u00f3 \u00e9s la neurotecnolog\u00eda. A m\u00e9s de la UMH, l&#8217;Alian\u00e7a NeurotechEU est\u00e0 formada actualment per altres huit universitats europees: la Universitat Radboud de Nimega (Pa\u00efsos Baixos), l&#8217;Institut Karolinska (Su\u00e8cia), la Universitat de Bonn (Alemanya), la Universitat del B\u00f2sfor (Turquia), la Universitat de Medicina i Farm\u00e0cia Iuliu Hatieganu (Romania), la Universitat de Lilla (Fran\u00e7a), la Universitat de Reykjav\u00edk (Isl\u00e0ndia) i la Universitat M\u00e8dica de Innsbruck (\u00c0ustria).<\/p>\n<p style=\"text-align: justify\">&nbsp;<\/p>\n<p><\/p>","protected":false},"excerpt":{"rendered":"<p>Despr\u00e9s de superar l&#8217;equador de la segona fase (2023-2027) de la Universitat Europea del Cervell i la Tecnologia &#8211; NeurotechEU, el Consell de Govern de l&#8217;Alian\u00e7a s&#8217;ha reunit en la Universitat de Radboud els dies 8 i 9 d&#8217;abril, amb l&#8217;objectiu de consolidar les l\u00ednies d&#8217;actuaci\u00f3 que marcaran el tancament d&#8217;esta segona etapa. La Universitat [&#8230;]<\/p>\n","protected":false},"author":24743,"featured_media":0,"comment_status":"closed","ping_status":"open","sticky":false,"template":"","format":"standard","meta":{"ngg_post_thumbnail":0,"_links_to":"","_links_to_target":""},"categories":[23],"tags":[],"_links":{"self":[{"href":"https:\/\/neurotecheu.umh.es\/ca\/wp-json\/wp\/v2\/posts\/1660"}],"collection":[{"href":"https:\/\/neurotecheu.umh.es\/ca\/wp-json\/wp\/v2\/posts"}],"about":[{"href":"https:\/\/neurotecheu.umh.es\/ca\/wp-json\/wp\/v2\/types\/post"}],"author":[{"embeddable":true,"href":"https:\/\/neurotecheu.umh.es\/ca\/wp-json\/wp\/v2\/users\/24743"}],"replies":[{"embeddable":true,"href":"https:\/\/neurotecheu.umh.es\/ca\/wp-json\/wp\/v2\/comments?post=1660"}],"version-history":[{"count":0,"href":"https:\/\/neurotecheu.umh.es\/ca\/wp-json\/wp\/v2\/posts\/1660\/revisions"}],"wp:attachment":[{"href":"https:\/\/neurotecheu.umh.es\/ca\/wp-json\/wp\/v2\/media?parent=1660"}],"wp:term":[{"taxonomy":"category","embeddable":true,"href":"https:\/\/neurotecheu.umh.es\/ca\/wp-json\/wp\/v2\/categories?post=1660"},{"taxonomy":"post_tag","embeddable":true,"href":"https:\/\/neurotecheu.umh.es\/ca\/wp-json\/wp\/v2\/tags?post=1660"}],"curies":[{"name":"wp","href":"https:\/\/api.w.org\/{rel}","templated":true}]}}