{"id":1684,"date":"2026-04-24T14:42:54","date_gmt":"2026-04-24T12:42:54","guid":{"rendered":"https:\/\/neurotecheu.umh.es\/?p=1684"},"modified":"2026-04-24T14:42:54","modified_gmt":"2026-04-24T12:42:54","slug":"stratneuro-neurotecheu-online-seminar-advances-in-neurotechnology-bridging-brain-data-and-machines","status":"publish","type":"post","link":"https:\/\/neurotecheu.umh.es\/ca\/2026\/04\/24\/stratneuro-neurotecheu-online-seminar-advances-in-neurotechnology-bridging-brain-data-and-machines\/","title":{"rendered":"StratNeuro-NeurotechEU Online Seminar: \u201cAdvances in Neurotechnology: Bridging Brain, Data, and Machines\u201d"},"content":{"rendered":"<p><img loading=\"lazy\" class=\"wp-image-1687 alignright\" src=\"https:\/\/neurotecheu.umh.es\/files\/2026\/04\/square-UMH-Blog-size-1-1024x1024.png\" alt=\"\" width=\"345\" height=\"345\" srcset=\"https:\/\/neurotecheu.umh.es\/files\/2026\/04\/square-UMH-Blog-size-1-1024x1024.png 1024w, https:\/\/neurotecheu.umh.es\/files\/2026\/04\/square-UMH-Blog-size-1-300x300.png 300w, https:\/\/neurotecheu.umh.es\/files\/2026\/04\/square-UMH-Blog-size-1-150x150.png 150w, https:\/\/neurotecheu.umh.es\/files\/2026\/04\/square-UMH-Blog-size-1-768x768.png 768w, https:\/\/neurotecheu.umh.es\/files\/2026\/04\/square-UMH-Blog-size-1.png 1080w\" sizes=\"(max-width: 345px) 100vw, 345px\" \/>La Universitat Europea del Cervell i la Tecnologia \u2013 NeurotechEU i el Karolinska Institutet, membre de l&#8217;Alian\u00e7a, organitzen <strong>el pr\u00f2xim 7 de maig<\/strong> el seminari en l\u00ednia: <em><strong>\u201c<\/strong><strong>Advances in Neurotechnology: Bridging Brain, Data, and Machines\u201d<\/strong><\/em>. Este seminari reuneix investigadors de NeurotechEU que treballen en alguns dels avan\u00e7os m\u00e9s fascinants del sector: des d&#8217;interf\u00edcies cervell-m\u00e0quina i rob\u00f2tica de rehabilitaci\u00f3 fins a tecnologies port\u00e0tils (<em>wearables<\/em>) per al son, neurones artificials i robots blans d&#8217;\u00fas m\u00e8dic.<\/p>\n<p>Les pon\u00e8ncies destaquen com la combinaci\u00f3 de la neuroci\u00e8ncia, l&#8217;enginyeria i la intel\u00b7lig\u00e8ncia artificial est\u00e0 obrint noves possibilitats per a restaurar funcions, millorar diagn\u00f2stics i desenvolupar tecnologies sanit\u00e0ries m\u00e9s intel\u00b7ligents i centrades en l&#8217;\u00e9sser hum\u00e0.<\/p>\n<ul>\n<li>De la m\u00e0 de<strong> Jos\u00e9 M. Azor\u00edn<\/strong>, es presentaran diferents Interf\u00edcies Cervell-M\u00e0quina (BMI, per les seues sigles en angl\u00e9s) desenvolupades a la Universitat Miguel Hern\u00e1ndez d&#8217;Elx per al control d&#8217;exoesquelets d&#8217;extremitats inferiors, i es debatr\u00e0 el seu potencial en la neurorehabilitaci\u00f3.<\/li>\n<li><strong>Anna Sigr\u00ed\u00f0ur \u00cdslind,<\/strong> de la universitat H\u00e1sk\u00f3linn \u00ed Reykjav\u00edk, explorar\u00e0 en la seua xarrada com les noves fonts de dades \u2014com els dispositius port\u00e0tils (wearables), les aplicacions m\u00f2bils i les dades reportades pels pacients\u2014 poden millorar la forma en qu\u00e8 estudiem el son.<\/li>\n<li>De la Universitat de Lille, <strong>Christel Vanbesien<\/strong> destacar\u00e0 en la seua presentaci\u00f3 una neurona artificial d&#8217;alta efici\u00e8ncia energ\u00e8tica desenvolupada a Lille mitjan\u00e7ant tecnologia Semiconductor Complementari d&#8217;\u00d2xid Met\u00e0l\u00b7lic (CMOS, per les seues sigles en angl\u00e9s) i analitzar\u00e0 com estos sistemes podrien ajudar a restaurar o millorar les funcions cerebrals.<\/li>\n<li>Finalment, <strong>J\u00e9r\u00e9mie Dequidt,<\/strong> de la Universitat de Lille, mostrar\u00e0 com els robots blans i flexibles poden millorar les neurotecnologies, fent que els procediments siguen m\u00e9s segurs i efica\u00e7os. S&#8217;abordaran desafiaments clau en el maneig d&#8217;estructures neuronals delicades i es presentaran noves solucions basades en la rob\u00f2tica blana i la simulaci\u00f3 en temps real.<\/li>\n<\/ul>\n<p>Pots consultar el <a href=\"https:\/\/theneurotech.eu\/stratneuro-neurotecheu-seminar-advances-neurotechnology-bridging-brain-data-and-machines\">programa complet ac\u00ed <\/a>.&nbsp;<\/p>\n<p>El formulari de <a href=\"https:\/\/ki-se.zoom.us\/meeting\/register\/Wk9hkNWDQvOgRkoBP6wWzg#\/registration\">registre per a assistir de manera <em>online<\/em><\/a> es el seg\u00fcent.<\/p>","protected":false},"excerpt":{"rendered":"<p>La Universitat Europea del Cervell i la Tecnologia \u2013 NeurotechEU i el Karolinska Institutet, membre de l&#8217;Alian\u00e7a, organitzen el pr\u00f2xim 7 de maig el seminari en l\u00ednia: \u201cAdvances in Neurotechnology: Bridging Brain, Data, and Machines\u201d. Este seminari reuneix investigadors de NeurotechEU que treballen en alguns dels avan\u00e7os m\u00e9s fascinants del sector: des d&#8217;interf\u00edcies cervell-m\u00e0quina i [&#8230;]<\/p>\n","protected":false},"author":24743,"featured_media":0,"comment_status":"closed","ping_status":"open","sticky":false,"template":"","format":"standard","meta":{"ngg_post_thumbnail":0,"_links_to":"","_links_to_target":""},"categories":[1750],"tags":[],"_links":{"self":[{"href":"https:\/\/neurotecheu.umh.es\/ca\/wp-json\/wp\/v2\/posts\/1684"}],"collection":[{"href":"https:\/\/neurotecheu.umh.es\/ca\/wp-json\/wp\/v2\/posts"}],"about":[{"href":"https:\/\/neurotecheu.umh.es\/ca\/wp-json\/wp\/v2\/types\/post"}],"author":[{"embeddable":true,"href":"https:\/\/neurotecheu.umh.es\/ca\/wp-json\/wp\/v2\/users\/24743"}],"replies":[{"embeddable":true,"href":"https:\/\/neurotecheu.umh.es\/ca\/wp-json\/wp\/v2\/comments?post=1684"}],"version-history":[{"count":0,"href":"https:\/\/neurotecheu.umh.es\/ca\/wp-json\/wp\/v2\/posts\/1684\/revisions"}],"wp:attachment":[{"href":"https:\/\/neurotecheu.umh.es\/ca\/wp-json\/wp\/v2\/media?parent=1684"}],"wp:term":[{"taxonomy":"category","embeddable":true,"href":"https:\/\/neurotecheu.umh.es\/ca\/wp-json\/wp\/v2\/categories?post=1684"},{"taxonomy":"post_tag","embeddable":true,"href":"https:\/\/neurotecheu.umh.es\/ca\/wp-json\/wp\/v2\/tags?post=1684"}],"curies":[{"name":"wp","href":"https:\/\/api.w.org\/{rel}","templated":true}]}}