{"id":1788,"date":"2026-08-31T10:39:20","date_gmt":"2026-08-31T08:39:20","guid":{"rendered":"https:\/\/neurotecheu.umh.es\/?p=1788"},"modified":"2026-08-31T10:41:38","modified_gmt":"2026-08-31T08:41:38","slug":"neurotecheu-winter-school-smart-sleep-exploring-the-future-of-sleep-measurements","status":"publish","type":"post","link":"https:\/\/neurotecheu.umh.es\/ca\/2026\/08\/31\/neurotecheu-winter-school-smart-sleep-exploring-the-future-of-sleep-measurements\/","title":{"rendered":"NeurotechEU Winter School: Smart Sleep: Exploring the Future of Sleep Measurements"},"content":{"rendered":"<p><img loading=\"lazy\" class=\" wp-image-1794 alignright\" src=\"https:\/\/neurotecheu.umh.es\/files\/2026\/08\/UMH-Winter-School-Smart-Sleep-819x1024.png\" alt=\"\" width=\"263\" height=\"329\" srcset=\"https:\/\/neurotecheu.umh.es\/files\/2026\/08\/UMH-Winter-School-Smart-Sleep-819x1024.png 819w, https:\/\/neurotecheu.umh.es\/files\/2026\/08\/UMH-Winter-School-Smart-Sleep-240x300.png 240w, https:\/\/neurotecheu.umh.es\/files\/2026\/08\/UMH-Winter-School-Smart-Sleep-768x960.png 768w, https:\/\/neurotecheu.umh.es\/files\/2026\/08\/UMH-Winter-School-Smart-Sleep.png 1080w\" sizes=\"(max-width: 263px) 100vw, 263px\" \/>L&#8217;escola d&#8217;estiu de NeurotechEU \u2018<strong><em>Smart Sleep: Exploring the Future of Sleep Measurements\u2019<\/em><\/strong>, organitzada per la Medical University of Innsbruck, la Radboud University, la University of Reykjavik i el Karolinska Institutet, tindr\u00e0 lloc <strong>del 15 al 18 de febrer de 2027<\/strong> a Innsbruck (\u00c0ustria).<\/p>\n<p>El programa, pensat per a estudiants de <strong>grau, m\u00e0ster i doctorat de les \u00e0rees de neuroci\u00e8ncia, psicologia, enginyeria biom\u00e8dica, inform\u00e0tica\/ci\u00e8ncia de dades i medicina<\/strong>, inclou la realitzaci\u00f3 de projectes pr\u00e0ctics i confer\u00e8ncies sobre fisiologia\/fisiopatologia del son, principis de detecci\u00f3, i qualitat i validaci\u00f3 de dades.<\/p>\n<p>L&#8217;objectiu del curs \u00e9s que els assistents adquirisquen coneixements sobre fisiologia\/fisiopatologia del son i modalitats de mesurament, i aprenguen a seleccionar\/justificar tecnologies dom\u00e8stiques; conprenguen el processament de senyals biom\u00e8dics i els m\u00e8todes d&#8217;IA per a adquirir, verificar la qualitat, analitzar i integrar dades multimodals del son; aprenguen a aplicar all\u00f2 apr\u00e9s a la pr\u00e0ctica cl\u00ednica; i compten amb les eines necess\u00e0ries per a dissenyar i justificar una soluci\u00f3 basada en l&#8217;evid\u00e8ncia per a un desafiament espec\u00edfic, abordant el flux de treball, els processos d&#8217;an\u00e0lisi i la translaci\u00f3 cl\u00ednica.<\/p>\n<ul>\n<li><strong>Data<\/strong>: Una primera part introduct\u00f2ria en l\u00ednia al gener i una segona part presencial del 15 al 18 de febrer (2027)<\/li>\n<li><strong>Universitat amfitriona<\/strong>: Medical University of Innsbruck (MUI, \u00c0ustria)<\/li>\n<li><strong>Termini de preinscripci\u00f3 a la UMH<\/strong>: 10 de setembre de 2026<\/li>\n<li><strong>Places cobertes per la UMH<\/strong>: 1<\/li>\n<\/ul>\n<p>Esta escola d&#8217;estiu ofereix una perspectiva integral, desenvolupant compet\u00e8ncies per a la selecci\u00f3 de tecnologia, el disseny de fluxos de treball complets i la implementaci\u00f3 responsable i pr\u00e0ctica del seguiment del son a la llar. A m\u00e9s, <a href=\"https:\/\/noxmedical.com\/\">Nox Medical<\/a>, una companyia internacional de tecnologia m\u00e8dica que dissenya i fabrica dispositius per al diagn\u00f2stic de trastorns del son, abordar\u00e0 la transici\u00f3 de la investigaci\u00f3 als productes regulats, incloent-hi un estudi de cas sobre somnografia autoadministrada.<\/p>\n<p>Si t&#8217;interessa presentar la teua sol\u00b7licitud, seguix el procediment indicat en: <a href=\"https:\/\/neurotecheu.umh.es\/movilidad-umh\/como-solicitar-plaza-a-traves-de-la-umh\/\">Com sol\u00b7licitar-ho a trav\u00e9s de la UMH.<\/a> Per a m\u00e9s informaci\u00f3, contacta amb nosaltres en neurotecheu@umh.es. La Universitat Miguel Hern\u00e1ndez d&#8217;Elx (UMH) cobrir\u00e0 una (1) pla\u00e7a per a esta mobilitat. Tingues en compte que la UMH es reserva el dret de no atorgar la pla\u00e7a oferida si aix\u00ed ho proposa la comissi\u00f3 de selecci\u00f3.<\/p>","protected":false},"excerpt":{"rendered":"<p>L&#8217;escola d&#8217;estiu de NeurotechEU \u2018Smart Sleep: Exploring the Future of Sleep Measurements\u2019, organitzada per la Medical University of Innsbruck, la Radboud University, la University of Reykjavik i el Karolinska Institutet, tindr\u00e0 lloc del 15 al 18 de febrer de 2027 a Innsbruck (\u00c0ustria).<br \/>\nEl programa, pensat per a estudiants de grau, m\u00e0ster i doctorat de les [&#8230;]<\/p>\n","protected":false},"author":24743,"featured_media":0,"comment_status":"closed","ping_status":"open","sticky":false,"template":"","format":"standard","meta":{"ngg_post_thumbnail":0,"_links_to":"","_links_to_target":""},"categories":[3747],"tags":[],"_links":{"self":[{"href":"https:\/\/neurotecheu.umh.es\/ca\/wp-json\/wp\/v2\/posts\/1788"}],"collection":[{"href":"https:\/\/neurotecheu.umh.es\/ca\/wp-json\/wp\/v2\/posts"}],"about":[{"href":"https:\/\/neurotecheu.umh.es\/ca\/wp-json\/wp\/v2\/types\/post"}],"author":[{"embeddable":true,"href":"https:\/\/neurotecheu.umh.es\/ca\/wp-json\/wp\/v2\/users\/24743"}],"replies":[{"embeddable":true,"href":"https:\/\/neurotecheu.umh.es\/ca\/wp-json\/wp\/v2\/comments?post=1788"}],"version-history":[{"count":0,"href":"https:\/\/neurotecheu.umh.es\/ca\/wp-json\/wp\/v2\/posts\/1788\/revisions"}],"wp:attachment":[{"href":"https:\/\/neurotecheu.umh.es\/ca\/wp-json\/wp\/v2\/media?parent=1788"}],"wp:term":[{"taxonomy":"category","embeddable":true,"href":"https:\/\/neurotecheu.umh.es\/ca\/wp-json\/wp\/v2\/categories?post=1788"},{"taxonomy":"post_tag","embeddable":true,"href":"https:\/\/neurotecheu.umh.es\/ca\/wp-json\/wp\/v2\/tags?post=1788"}],"curies":[{"name":"wp","href":"https:\/\/api.w.org\/{rel}","templated":true}]}}