{"id":194,"date":"2023-12-05T17:13:21","date_gmt":"2023-12-05T16:13:21","guid":{"rendered":"https:\/\/neurotecheu.umh.es\/?p=194"},"modified":"2025-07-23T14:57:36","modified_gmt":"2025-07-23T12:57:36","slug":"hands-on-workshop-on-science-communication","status":"publish","type":"post","link":"https:\/\/neurotecheu.umh.es\/ca\/2023\/12\/05\/hands-on-workshop-on-science-communication\/","title":{"rendered":"Hands-on Workshop on Science Communication"},"content":{"rendered":"<p><\/p>\n<div dir=\"ltr\">\n<div dir=\"ltr\">\n<p dir=\"ltr\"><img loading=\"lazy\" class=\"alignnone size-medium wp-image-203\" src=\"https:\/\/neurotecheu.umh.es\/files\/2023\/12\/WS-Sci-Comm-226x300.png\" alt=\"\" width=\"226\" height=\"300\" srcset=\"https:\/\/neurotecheu.umh.es\/files\/2023\/12\/WS-Sci-Comm-226x300.png 226w, https:\/\/neurotecheu.umh.es\/files\/2023\/12\/WS-Sci-Comm.png 643w\" sizes=\"(max-width: 226px) 100vw, 226px\" \/><\/p>\n<p>El <strong>Club Synapses-UMH<\/strong> us convida al <strong>Taller de NeurotechEU sobre \u201cComunicaci\u00f3 cient\u00edfica\u201d<\/strong>.<\/p>\n<p>El taller tindr\u00e0 lloc el <strong>19 de desembre<\/strong> a la Sala de Confer\u00e8ncies de l&#8217;Institut de Neuroci\u00e8ncies San Juan d&#8217;Alacant, Espanya.<\/p>\n<p>Aquest taller se centra en la difusi\u00f3 del treball cient\u00edfic, abastant des de notes de premsa fins a xarxes socials. Consistir\u00e0 en una primera sessi\u00f3 amb tres presentacions, una activitat pr\u00e0ctica i una taula rodona en l\u00ednia sobre comunicaci\u00f3 internacional.<\/p>\n<p><span style=\"text-decoration: underline\">Detalls<\/span><\/p>\n<p><strong>Modalitat: <\/strong>Mixta<\/p>\n<p><strong>Lloc<\/strong>: Sal\u00f3 d&#8217;Actes de l&#8217;Institut de Neuroci\u00e8ncies (UMH-CSIC), Sant Joan d&#8217;Alacant, Espanya. Les sessions 1 i 2 es retransmetran per Meet (les persones registrades rebran un enlla\u00e7).<\/p>\n<p><strong>Idioma<\/strong>: Angl\u00e8s<\/p>\n<p><strong>Places disponibles<\/strong>: 50<\/p>\n<p><strong>Perfil dels participants<\/strong>: estudiants de grau, m\u00e0ster i doctorat, i personal de les universitats membres de l&#8217;Alian\u00e7a NeurotechEU i associats de NeurotechEU.<\/p>\n<p>&nbsp;<\/p>\n<p>La inscripci\u00f3 \u00e9s <strong>gratu\u00efta<\/strong>.<br \/>\nEl <strong>viatge i allotjament<\/strong>, si s\u00f3n necessaris, seran a compte de les persones participants o la seua universitat d&#8217;origen (en cas que aix\u00ed ho decideixi aquesta universitat).<\/p>\n<p>&nbsp;<\/p>\n<p>Podeu r<strong>egistrar-vos<\/strong> utilitzant aquest <a href=\"https:\/\/docs.google.com\/forms\/d\/1MmZPj8y6yUwQlAKLBo8ikhvtyNDQGlaJxgHg6GYoHJA\/edit\">enlla\u00e7<\/a>.<\/p>\n<p>La data l\u00edmit d&#8217;inscripci\u00f3 \u00e9s el&nbsp;<strong>15 de desembre de 2023<\/strong>, sense excepcions.<\/p>\n<p>&nbsp;<\/p>\n<p>El <strong>programa<\/strong> es pot consultar aci:<\/p>\n<p><a href=\"https:\/\/neurotecheu.umh.es\/files\/2023\/12\/WS-Science-Communication.pdf\">WS Science Communication<\/a><\/p>\n<\/div>\n<p>&nbsp;<\/p>\n<p><span style=\"color: #808080\">Este projecte compta amb la finan\u00e7ament del Ministeri de Ci\u00e8ncia, Innovaci\u00f3 i Universitats:<\/span><\/p>\n<p><img loading=\"lazy\" class=\" wp-image-1057 alignleft\" src=\"https:\/\/neurotecheu.umh.es\/files\/2025\/03\/Logotipo_del_Ministerio_de_Ciencia_Innovacion_y_Universidades--1024x258.png\" alt=\"\" width=\"317\" height=\"80\" srcset=\"https:\/\/neurotecheu.umh.es\/files\/2025\/03\/Logotipo_del_Ministerio_de_Ciencia_Innovacion_y_Universidades--1024x258.png 1024w, https:\/\/neurotecheu.umh.es\/files\/2025\/03\/Logotipo_del_Ministerio_de_Ciencia_Innovacion_y_Universidades--300x76.png 300w, https:\/\/neurotecheu.umh.es\/files\/2025\/03\/Logotipo_del_Ministerio_de_Ciencia_Innovacion_y_Universidades--768x194.png 768w, https:\/\/neurotecheu.umh.es\/files\/2025\/03\/Logotipo_del_Ministerio_de_Ciencia_Innovacion_y_Universidades--1536x387.png 1536w, https:\/\/neurotecheu.umh.es\/files\/2025\/03\/Logotipo_del_Ministerio_de_Ciencia_Innovacion_y_Universidades-.png 1885w\" sizes=\"(max-width: 317px) 100vw, 317px\" \/><\/p>\n<h6><span style=\"color: #808080\">*El projecte La Universitat Europea del Cervell i la Tecnologia, NeurotechEU, compta amb finan\u00e7ament concedit pel Ministeri. El contingut d\u2019este lloc web \u00e9s responsabilitat exclusiva de la universitat benefici\u00e0ria, la Universitat Miguel Hern\u00e1ndez d\u2019Elx. El Ministeri de Ci\u00e8ncia, Innovaci\u00f3 i Universitats no \u00e9s responsable de l\u2019\u00fas que puga fer-se de la informaci\u00f3 ac\u00ed difosa.<\/span><\/h6>\n<\/div>\n<p><\/p>","protected":false},"excerpt":{"rendered":"<p>El Club Synapses-UMH us convida al Taller de NeurotechEU sobre \u201cComunicaci\u00f3 cient\u00edfica\u201d.<br \/>\nEl taller tindr\u00e0 lloc el 19 de desembre a la Sala de Confer\u00e8ncies de l&#8217;Institut de Neuroci\u00e8ncies San Juan d&#8217;Alacant, Espanya.<br \/>\nAquest taller se centra en la difusi\u00f3 del treball cient\u00edfic, abastant des de notes de premsa fins a xarxes socials. Consistir\u00e0 en una primera [&#8230;]<\/p>\n","protected":false},"author":435,"featured_media":0,"comment_status":"closed","ping_status":"open","sticky":false,"template":"","format":"standard","meta":{"ngg_post_thumbnail":0,"_links_to":"","_links_to_target":""},"categories":[367229,1459918],"tags":[],"_links":{"self":[{"href":"https:\/\/neurotecheu.umh.es\/ca\/wp-json\/wp\/v2\/posts\/194"}],"collection":[{"href":"https:\/\/neurotecheu.umh.es\/ca\/wp-json\/wp\/v2\/posts"}],"about":[{"href":"https:\/\/neurotecheu.umh.es\/ca\/wp-json\/wp\/v2\/types\/post"}],"author":[{"embeddable":true,"href":"https:\/\/neurotecheu.umh.es\/ca\/wp-json\/wp\/v2\/users\/435"}],"replies":[{"embeddable":true,"href":"https:\/\/neurotecheu.umh.es\/ca\/wp-json\/wp\/v2\/comments?post=194"}],"version-history":[{"count":0,"href":"https:\/\/neurotecheu.umh.es\/ca\/wp-json\/wp\/v2\/posts\/194\/revisions"}],"wp:attachment":[{"href":"https:\/\/neurotecheu.umh.es\/ca\/wp-json\/wp\/v2\/media?parent=194"}],"wp:term":[{"taxonomy":"category","embeddable":true,"href":"https:\/\/neurotecheu.umh.es\/ca\/wp-json\/wp\/v2\/categories?post=194"},{"taxonomy":"post_tag","embeddable":true,"href":"https:\/\/neurotecheu.umh.es\/ca\/wp-json\/wp\/v2\/tags?post=194"}],"curies":[{"name":"wp","href":"https:\/\/api.w.org\/{rel}","templated":true}]}}