{"id":397,"date":"2024-03-14T14:36:43","date_gmt":"2024-03-14T13:36:43","guid":{"rendered":"https:\/\/neurotecheu.umh.es\/?p=397"},"modified":"2025-07-23T11:07:36","modified_gmt":"2025-07-23T09:07:36","slug":"bigs-neuroscience-summer-school-2024","status":"publish","type":"post","link":"https:\/\/neurotecheu.umh.es\/ca\/2024\/03\/14\/bigs-neuroscience-summer-school-2024\/","title":{"rendered":"BIGS Neuroscience Summer School 2024"},"content":{"rendered":"<p><span style=\"color: #000000\"><b><img loading=\"lazy\" class=\"alignleft size-medium wp-image-406\" src=\"https:\/\/neurotecheu.umh.es\/files\/2024\/04\/Destaados-1200x900-1-300x225.jpg\" alt=\"\" width=\"300\" height=\"225\" srcset=\"https:\/\/neurotecheu.umh.es\/files\/2024\/04\/Destaados-1200x900-1-300x225.jpg 300w, https:\/\/neurotecheu.umh.es\/files\/2024\/04\/Destaados-1200x900-1-1024x768.jpg 1024w, https:\/\/neurotecheu.umh.es\/files\/2024\/04\/Destaados-1200x900-1-768x576.jpg 768w, https:\/\/neurotecheu.umh.es\/files\/2024\/04\/Destaados-1200x900-1.jpg 1200w\" sizes=\"(max-width: 300px) 100vw, 300px\" \/>Bonn International Graduate School (BIGS) Neuroscience Summer School <\/b>\u00e9s una escola d&#8217;estiu orgnitzada per la Universitat de Bonn (Alemanya) <\/span><span style=\"font-weight: 400\"><span style=\"color: #000000\">\u2013una universitat aliada de NeurotchEU\u2013. BIGS oferix un<\/span>a<strong><span style=\"color: #000080\"> introducci\u00f3 sistem\u00e0tica i completa a alguns temes neurocient\u00edfics clau<\/span> per a estudiants en els primers anys de la seua carrera.<\/strong><\/span><\/p>\n<p><strong>Les confer\u00e8ncies tindran lloc<\/strong> <strong><span style=\"color: #000080\">des del 10 de juny fins al 19<\/span> <\/strong><span style=\"color: #000000\">i giraran entorn de temes com la biologia de les c\u00e8l\u00b7lules mare i la neuroci\u00e8ncia del desenvolupament, la biologia i la gen\u00e8tica de les c\u00e8l\u00b7lules neuronal, la funci\u00f3 neuronal, les malalties del sistema nervi\u00f3s, els estudis de la poblaci\u00f3 i la neuroci\u00e8ncia computacional.<\/span><\/p>\n<p><span style=\"color: #000000\">L&#8217;escola d&#8217;estiu BIGS est\u00e0 pensada per als estudiants de primer any de doctorat d&#8217;\u00e0rees relacionades amb la neuroci\u00e8ncia. Poden enviar la sol\u00b7licitud<\/span><strong><span style=\"color: #000080\"> fins al 8 d&#8217;abril.<\/span><\/strong><\/p>\n<p><span style=\"color: #000000\">Els estudiants de NeurotechEU podran accedir tant a les confer\u00e8ncies obertes del mat\u00ed com a les visites restringides als laboratoris de la Universitat de Bonn a la vesprada.<\/span><\/p>\n<ul>\n<li><span style=\"color: #000000\"><b>Data:<\/b><\/span><span style=\"font-weight: 400\"><span style=\"color: #000000\"> de<\/span>l<\/span> <span style=\"font-weight: 400;color: #000080\">10 al 19 de juny de 2024<\/span><\/li>\n<li><span style=\"color: #000000\"><b>Universitat amfitriona: <\/b><span style=\"font-weight: 400\">Universitat de Bonn (Alemanya)<\/span><\/span><\/li>\n<li><span style=\"color: #000000\"><b>Periode de sol\u00b7licitud: <\/b><span style=\"font-weight: 400\">fins al 8 de abril&nbsp;<\/span><\/span><\/li>\n<li><span style=\"color: #000000\"><b>Enlla\u00e7<\/b><\/span><span style=\"font-weight: 400\">: <a href=\"https:\/\/bigs-neuroscience.de\/summer-schools\/\" target=\"_blank\" rel=\"noopener\">BIGS Summer School<\/a><\/span><\/li>\n<\/ul>\n<p>&nbsp;<\/p>\n<p>La Universitat Miguel Hern\u00e1ndez d\u2019Elx (UMH)&nbsp;<strong>no<\/strong>&nbsp;cobrix la mobilitat ac\u00ed presentada.&nbsp;<strong><a href=\"https:\/\/neurotecheu.umh.es\/movilidad-umh\/\">Revise las places ofertes y cobertes per la UMH \u2013 NeurotechEU<\/a>.<\/strong><\/p>\n<p>&nbsp;<\/p>","protected":false},"excerpt":{"rendered":"<p>Bonn International Graduate School (BIGS) Neuroscience Summer School \u00e9s una escola d&#8217;estiu orgnitzada per la Universitat de Bonn (Alemanya) \u2013una universitat aliada de NeurotchEU\u2013. BIGS oferix una introducci\u00f3 sistem\u00e0tica i completa a alguns temes neurocient\u00edfics clau per a estudiants en els primers anys de la seua carrera.<br \/>\nLes confer\u00e8ncies tindran lloc des del 10 de juny [&#8230;]<\/p>\n","protected":false},"author":24743,"featured_media":0,"comment_status":"closed","ping_status":"open","sticky":false,"template":"","format":"standard","meta":{"ngg_post_thumbnail":0,"_links_to":"","_links_to_target":""},"categories":[1750],"tags":[],"_links":{"self":[{"href":"https:\/\/neurotecheu.umh.es\/ca\/wp-json\/wp\/v2\/posts\/397"}],"collection":[{"href":"https:\/\/neurotecheu.umh.es\/ca\/wp-json\/wp\/v2\/posts"}],"about":[{"href":"https:\/\/neurotecheu.umh.es\/ca\/wp-json\/wp\/v2\/types\/post"}],"author":[{"embeddable":true,"href":"https:\/\/neurotecheu.umh.es\/ca\/wp-json\/wp\/v2\/users\/24743"}],"replies":[{"embeddable":true,"href":"https:\/\/neurotecheu.umh.es\/ca\/wp-json\/wp\/v2\/comments?post=397"}],"version-history":[{"count":0,"href":"https:\/\/neurotecheu.umh.es\/ca\/wp-json\/wp\/v2\/posts\/397\/revisions"}],"wp:attachment":[{"href":"https:\/\/neurotecheu.umh.es\/ca\/wp-json\/wp\/v2\/media?parent=397"}],"wp:term":[{"taxonomy":"category","embeddable":true,"href":"https:\/\/neurotecheu.umh.es\/ca\/wp-json\/wp\/v2\/categories?post=397"},{"taxonomy":"post_tag","embeddable":true,"href":"https:\/\/neurotecheu.umh.es\/ca\/wp-json\/wp\/v2\/tags?post=397"}],"curies":[{"name":"wp","href":"https:\/\/api.w.org\/{rel}","templated":true}]}}