{"id":587,"date":"2024-06-21T10:00:50","date_gmt":"2024-06-21T08:00:50","guid":{"rendered":"https:\/\/neurotecheu.umh.es\/?p=587"},"modified":"2025-07-23T11:05:48","modified_gmt":"2025-07-23T09:05:48","slug":"curso-intensivo-de-aleman","status":"publish","type":"post","link":"https:\/\/neurotecheu.umh.es\/ca\/2024\/06\/21\/curso-intensivo-de-aleman\/","title":{"rendered":"Curs Intensiu d&#8217;Alemany"},"content":{"rendered":"<p>La Universitat de Bonn, aliada de NeurotechEU, organitza del <strong><span style=\"color: #000080\">4 al 26 de septembre<\/span><\/strong> del 2024 la quinta edici\u00f3 del <strong><span style=\"color: #000080\"><a style=\"color: #000080\" href=\"https:\/\/urldefense.com\/v3\/__https:\/\/www.uni-bonn.de\/en\/studying\/international-students\/learning-german\/preparatory-courses?set_language=en__;!!D9dNQwwGXtA!VFs7LaN1ZjRY2_-lQlcz5Je2pqvXbiYnntww4H-6th-Pzgwz-IgVkhhQZuq_zx7y1aze5OSNIENA0TcFKCIM8jQRwX8t0ps$\">Curs Intensiu d&#8217;Alemany<\/a><\/span><\/strong>.<\/p>\n<p><img loading=\"lazy\" class=\"size-full wp-image-588 alignright\" src=\"https:\/\/neurotecheu.umh.es\/files\/2024\/06\/Destacados-Entradas-1200x900-298-x-192-px-3.png\" alt=\"Curso Intensivo de Alem\u00e1n\" width=\"298\" height=\"192\"><\/p>\n<p>Les 56 classes tindran una duraci\u00f3 de 45 minuts i seran impartides de dilluns a divendres de 9h a les 12.15h. El curs ofereix classes des del nivell A1 fins al B2. A m\u00e9s, comptar\u00e0 amb events relacionats amb al neuroci\u00e8ncia.<\/p>\n<ul>\n<li><strong>Data:&nbsp;<\/strong>del <strong><span style=\"color: #000080\">4 al 26 de septembre<\/span><\/strong><\/li>\n<li><strong>Universitat amfitriona: <span style=\"font-weight: 400\">Universitat de Bonn (Alemanya)<\/span><\/strong><\/li>\n<li><strong>Periode de sol\u00b7licitud: <\/strong>fins al 30 de juny<\/li>\n<li><strong>Enlla\u00e7:<\/strong> <a href=\"https:\/\/urldefense.com\/v3\/__https:\/\/www.uni-bonn.de\/en\/studying\/international-students\/learning-german\/preparatory-courses?set_language=en__;!!D9dNQwwGXtA!VFs7LaN1ZjRY2_-lQlcz5Je2pqvXbiYnntww4H-6th-Pzgwz-IgVkhhQZuq_zx7y1aze5OSNIENA0TcFKCIM8jQRwX8t0ps$\"><span style=\"font-weight: 400\">Intensive German Course<\/span><\/a><span style=\"font-weight: 400\">&nbsp;<\/span><\/li>\n<\/ul>\n<p>Per a sol\u00b7licitar una pla\u00e7a s&#8217;han d&#8217;enviar els seg\u00fcents documents per correo electr\u00f2nic a Uta Brus<span style=\"font-weight: 400\">(<\/span><a href=\"mailto:u.brus@uni-bonn.de\"><span style=\"font-weight: 400\">u.brus@uni-bonn.de<\/span><\/a><span style=\"font-weight: 400\">), coordinadora a la Universitat de Bonn dels cursos de NeurotechEU:<\/span><\/p>\n<p style=\"padding-left: 40px\"><span style=\"font-weight: 400\">a) Certificat Oficial de Calificacions (llista de notes i ECTS)<\/span><\/p>\n<p style=\"padding-left: 40px\"><span style=\"font-weight: 400\">b) CV en angl\u00e9s o alemany<\/span><\/p>\n<p style=\"padding-left: 40px\"><span style=\"font-weight: 400\">c) Fotoc\u00f2pia del DNI&nbsp;<\/span><\/p>\n<p style=\"padding-left: 40px\"><span style=\"font-weight: 400\">d) Redacci\u00f3 sobre \u2018Qu\u00e8 significa NeurotechEU per a mi\u2019 (250 paraules aproximadament)<\/span><\/p>\n<p><span style=\"font-weight: 400\">Una vegada realitzada i aprovada la sol\u00b7licitud, podr\u00e0 saber a quin nivell assistir\u00e0 a trav\u00e8s del <a href=\"https:\/\/www.uni-bonn.de\/en\/studying\/international-students\/learning-german\/preparatory-courses?set_language=en\">formulari<\/a> que facilita la universitat organitzadora.<\/span><\/p>\n<p><span style=\"font-weight: 400\">La Universitat Miguel Hern\u00e1ndez d\u2019Elx (UMH) no cobrix la mobilitat ac\u00ed presentada. <strong><span style=\"color: #000080\"><a style=\"color: #000080\" href=\"https:\/\/neurotecheu.umh.es\/movilidad-umh\/\">Revise las places ofertes y cobertes per la UMH \u2013 NeurotechEU.<\/a><\/span><\/strong><\/span><\/p>","protected":false},"excerpt":{"rendered":"<p>La Universitat de Bonn, aliada de NeurotechEU, organitza del 4 al 26 de septembre del 2024 la quinta edici\u00f3 del Curs Intensiu d&#8217;Alemany.<\/p>\n<p>Les 56 classes tindran una duraci\u00f3 de 45 minuts i seran impartides de dilluns a divendres de 9h a les 12.15h. El curs ofereix classes des del nivell A1 fins al B2. A [&#8230;]<\/p>\n","protected":false},"author":24743,"featured_media":0,"comment_status":"closed","ping_status":"open","sticky":false,"template":"","format":"standard","meta":{"ngg_post_thumbnail":0,"_links_to":"","_links_to_target":""},"categories":[1750],"tags":[],"_links":{"self":[{"href":"https:\/\/neurotecheu.umh.es\/ca\/wp-json\/wp\/v2\/posts\/587"}],"collection":[{"href":"https:\/\/neurotecheu.umh.es\/ca\/wp-json\/wp\/v2\/posts"}],"about":[{"href":"https:\/\/neurotecheu.umh.es\/ca\/wp-json\/wp\/v2\/types\/post"}],"author":[{"embeddable":true,"href":"https:\/\/neurotecheu.umh.es\/ca\/wp-json\/wp\/v2\/users\/24743"}],"replies":[{"embeddable":true,"href":"https:\/\/neurotecheu.umh.es\/ca\/wp-json\/wp\/v2\/comments?post=587"}],"version-history":[{"count":0,"href":"https:\/\/neurotecheu.umh.es\/ca\/wp-json\/wp\/v2\/posts\/587\/revisions"}],"wp:attachment":[{"href":"https:\/\/neurotecheu.umh.es\/ca\/wp-json\/wp\/v2\/media?parent=587"}],"wp:term":[{"taxonomy":"category","embeddable":true,"href":"https:\/\/neurotecheu.umh.es\/ca\/wp-json\/wp\/v2\/categories?post=587"},{"taxonomy":"post_tag","embeddable":true,"href":"https:\/\/neurotecheu.umh.es\/ca\/wp-json\/wp\/v2\/tags?post=587"}],"curies":[{"name":"wp","href":"https:\/\/api.w.org\/{rel}","templated":true}]}}