{"id":624,"date":"2024-06-26T16:20:42","date_gmt":"2024-06-26T14:20:42","guid":{"rendered":"https:\/\/neurotecheu.umh.es\/?p=624"},"modified":"2025-07-23T10:57:04","modified_gmt":"2025-07-23T08:57:04","slug":"cristina-polo-estudiante-de-neurotecheu-hay-mucha-gente-de-diferentes-areas-trabajando-en-lo-mismo-con-un-mismo-objetivo","status":"publish","type":"post","link":"https:\/\/neurotecheu.umh.es\/ca\/2024\/06\/26\/cristina-polo-estudiante-de-neurotecheu-hay-mucha-gente-de-diferentes-areas-trabajando-en-lo-mismo-con-un-mismo-objetivo\/","title":{"rendered":"Cristina Polo, estudiant de NeurotechEU: \u201cHi ha molta gent de diferents \u00e0rees treballant en el mateix, amb un mateix objectiu&#8221;"},"content":{"rendered":"<p><\/p>\n<h6><span style=\"color: #808080\"><span style=\"font-weight: 400\">La Universitat de Reykjav\u00edk \u2013membre de l&#8217;alian\u00e7a NeurotechEU\u2013 va celebrar el maig passat la<\/span><i><span style=\"font-weight: 400\"> Summer School on&nbsp; EEG Functional Connectivity 2024&nbsp;<\/span><\/i><\/span><\/h6>\n<p style=\"text-align: justify\"><span style=\"font-weight: 400\">Cristina Polo i Paula Soriano s\u00f3n estudiants del Programa de Doctorat en Tecnologies Industrials i de Telecomunicaci\u00f3 (<a href=\"https:\/\/www.umh.es\/contenido\/Estudios\/:tit_d_223\/datos_es.html\">TECNIT<\/a>) de la Universitat Miguel Hern\u00e1ndez d&#8217;Elx (UMH). Ambdues van assistir al maig de 2024 a la <i>Summer School on EEG Functional Connectivity 2024 <\/i>de NeurotechEU, celebrada en la Universitat de Reykjav\u00edk. Esta activitat va tindre com a objectiu que els estudiants adquiriren les habilitats essencials per a analitzar i comprendre les complexitats din\u00e0miques del cervell hum\u00e0 mitjan\u00e7ant l&#8217;\u00fas de l&#8217;electroencefalografia (EEG).<\/span><\/p>\n<div id=\"attachment_627\" style=\"width: 409px\" class=\"wp-caption aligncenter\"><img aria-describedby=\"caption-attachment-627\" loading=\"lazy\" class=\"wp-image-627\" src=\"https:\/\/neurotecheu.umh.es\/files\/2024\/06\/conjunta-300x169.jpg\" alt=\"\" width=\"399\" height=\"225\" srcset=\"https:\/\/neurotecheu.umh.es\/files\/2024\/06\/conjunta-300x169.jpg 300w, https:\/\/neurotecheu.umh.es\/files\/2024\/06\/conjunta-1024x576.jpg 1024w, https:\/\/neurotecheu.umh.es\/files\/2024\/06\/conjunta-768x432.jpg 768w, https:\/\/neurotecheu.umh.es\/files\/2024\/06\/conjunta-1536x864.jpg 1536w, https:\/\/neurotecheu.umh.es\/files\/2024\/06\/conjunta.jpg 1600w\" sizes=\"(max-width: 399px) 100vw, 399px\" \/><p id=\"caption-attachment-627\" class=\"wp-caption-text\">Paula Soriano i Cristina Polo (esq. a dreta), estudiants del Programa de Doctorat en Tecnologies Industrials i de Telecomunicaci\u00f3 durant la seua estada en Reykjavik<\/p><\/div>\n<p style=\"text-align: justify\">Cristina Polo \u00e9s graduada en Enginyeria Mec\u00e0nica i Enginyera Electr\u00f2nica Industrial i Autom\u00e0tica i m\u00e0ster en Autom\u00e0tica i Rob\u00f2tica. Actualment forma part del grup d&#8217;investigaci\u00f3 <a href=\"https:\/\/bmi.umh.es\/\"><span style=\"font-weight: 400\">Brain Machine Interface Systems Lab (BMIsLab)<\/span><\/a> de la UMH on duu a terme la seua labor investigadora sobre el desenvolupament de BMI per al control, disseny i construcci\u00f3 d&#8217;exoesquelets. \u201cEn un futur m&#8217;agradaria continuar treballant en la branca de la Neuroci\u00e8ncia ja que \u00e9s un camp que m&#8217;apassiona i que considere que encara queda molt per descobrir i investigar\u201d, ens compta la doctoranda Polo.<\/p>\n<p style=\"text-align: justify\">Per part seua, Paula Soriano \u00e9s graduada en Enginyeria Biom\u00e8dica i va cursar el m\u00e0ster en Rob\u00f2tica de la UMH, on \u201cla investigaci\u00f3 en rob\u00f2tica m\u00e8dica \u00e9s molt potent\u201d, segons la doctoranda. Actualment, realitza la seua tesi sobre la investigaci\u00f3 en BMI per a controlar exoesquelets i poder ajudar als altres amb el seu treball. En un futur li agradaria contribuir al fet que les BMI formen part d&#8217;una ter\u00e0pia comuna i habitual als hospitals.<\/p>\n<p style=\"text-align: justify\">Despr\u00e9s de tres dies d&#8217;aprenentatge immersiu en l&#8217;Institut d&#8217;Enginyeria Biomedicina i Neural de la Universitat de Reykjav\u00edk \u2013<a href=\"https:\/\/neurotecheu.umh.es\/2024\/05\/30\/septima-reunion-del-consejo-de-rectores-de-neurotecheu-en-la-universidad-de-reikiavik\/\"><span style=\"font-weight: 400\">que coincidiren amb la s\u00e8ptima reuni\u00f3 del Consell de Rectors de NeurotechEU<\/span><\/a>\u2013, les doctorandes ens compten la seua experi\u00e8ncia.<\/p>\n<p>&nbsp;<\/p>\n<p style=\"text-align: justify\"><span style=\"color: #000000\"><strong>Qu\u00e8 els va fer decidir-se a sol\u00b7licitar una de les places?<\/strong><\/span><\/p>\n<p style=\"text-align: justify\"><span style=\"color: #000000\"><strong>Paula:<\/strong><\/span> A mi em va cridar molt l&#8217;atenci\u00f3 el fet de tractar la connectivitat cerebral, ja que en el nostre laboratori \u00e9s una cosa que no treballem i que no veiem di\u00e0riament, per la qual cosa complementa la meua formaci\u00f3 en EEG.&nbsp;<\/p>\n<p>&nbsp;<\/p>\n<p style=\"text-align: justify\"><strong><span style=\"color: #000000\">Com descriurien en tres paraules la seua experi\u00e8ncia en la Summer School?<\/span><\/strong><\/p>\n<p style=\"text-align: justify\"><strong><span style=\"color: #000000\">Cristina:<\/span> <\/strong>Et diria: intens, enriquidor i divulgatiu.<\/p>\n<p style=\"text-align: justify\"><strong><span style=\"color: #000000\">Paula:<\/span> <\/strong>Per a mi va ser sorprenent, valu\u00f3s i repetisc divulgatiu. Sorprenent, perqu\u00e8 tot era molt diferent, inclosa la ciutat en si; i valu\u00f3s perqu\u00e8 ens hem portat algunes idees que aplicar i provar ac\u00ed.<\/p>\n<p>&nbsp;<\/p>\n<p><strong><span style=\"color: #000000\">Paula, es referix als equips de qu\u00e8 disposen?<\/span><\/strong><\/p>\n<p>No sols l&#8217;equip, sin\u00f3 el que tractava el curs. \u00c9s un tema que no t\u00e9 res a veure amb el que nosaltres treballem en general.<\/p>\n<p>&nbsp;<\/p>\n<p><strong><span style=\"color: #000000\">Hi ha alguna cosa del curs que els sorprenguera? Alguna cosa que no esperaren?<\/span><\/strong><\/p>\n<p><strong><span style=\"color: #000000\">Cristina:<\/span><\/strong> A mi que va agradar molt l&#8217;estil de<a href=\"https:\/\/en.ru.is\/bne\"> les instal\u00b7lacions<\/a> que tenen. Jo em dedique tamb\u00e9 a impressi\u00f3 3D i les seues instal\u00b7lacions estan molt m\u00e9s avan\u00e7ades. A m\u00e9s, ells tamb\u00e9 treballen amb el que \u00e9s la part de EEG, com nosaltres tamb\u00e9 treballem amb una part del que \u00e9s el disseny. Llavors t&#8217;adones que tenen vies paral\u00b7leles de treball, no sols se centren en la neuro, sin\u00f3 que tamb\u00e9 en el disseny. I aix\u00f2 em va agradar molt.<\/p>\n<p><strong><span style=\"color: #000000\">Paula:<\/span><\/strong> A mi em va xocar molt una esp\u00e8cie de plataforma que han creat per a simular el vertigen en la gent i poder detectar algunes patologies que, en persones amb alteracions cognitives, s\u00f3n dif\u00edcils de detectar.<\/p>\n<p>&nbsp;<\/p>\n<p><strong><span style=\"color: #000000\">En qu\u00e8 consistix eixe \u2018simulador\u2019?<\/span><\/strong><\/p>\n<p style=\"text-align: justify\"><strong><span style=\"color: #000000\">Paula:<\/span> <\/strong>Diguem que una persona es col\u00b7locava en la plataforma i a trav\u00e9s d&#8217;una pantalla veien com si estigueren en una barca. La plataforma es movia al ritme de les ones que movien la barca. Per\u00f2 arribava a un punt en el qual la plataforma es parava i, no obstant aix\u00f2, la persona es continuava movent. I va haver-hi gent que es va pujar i ho va provar i era bastant xocant que usaren un simulador de moviment per a detectar el Parkinson i marejos per moviment, per exemple, en persones que treballen en vaixells.<\/p>\n<p>&nbsp;<\/p>\n<p><strong><span style=\"color: #000000\">El curs, com estava organitzat?<\/span><\/strong><\/p>\n<p style=\"text-align: justify\"><strong><span style=\"color: #000000\">Cristina:<\/span> <\/strong>Els tres dies comen\u00e7aven amb unes primeres hores m\u00e9s te\u00f2riques i despr\u00e9s ten\u00edem les sessions pr\u00e0ctiques relacionades amb la teoria que hav\u00edem vist.<\/p>\n<p style=\"text-align: justify\"><strong><span style=\"color: #000000\">Paula:<\/span><\/strong> El primer dia vam tindre un <em>workshop<\/em> sobre el capell de EEG que ells utilitzen. Ens dividim en dos grups i mentres uns est\u00e0vem en el taller, la resta visitaven les instal\u00b7lacions i despr\u00e9s, al rev\u00e9s.<\/p>\n<p>&nbsp;<\/p>\n<p><strong><span style=\"color: #000000\">Sobre el capell que comenta, quin \u00e9s el que vau provar?<\/span><\/strong><\/p>\n<p style=\"text-align: justify\"><strong><span style=\"color: #000000\">Paula:<\/span><\/strong> Es tracta d&#8217;un ANT Neuro i concretament, usem el model waveguard\u2122net. \u00c9s una esp\u00e8cie de xarxa que cont\u00e9 els el\u00e8ctrodes, els quals s\u00f3n humits i funcionen mitjan\u00e7ant una soluci\u00f3 salina.<\/p>\n<div id=\"attachment_630\" style=\"width: 385px\" class=\"wp-caption aligncenter\"><img aria-describedby=\"caption-attachment-630\" loading=\"lazy\" class=\"wp-image-630\" src=\"https:\/\/neurotecheu.umh.es\/files\/2024\/06\/HR-24-05-30-00100-Resize-300x200.jpg\" alt=\"\" width=\"375\" height=\"250\" srcset=\"https:\/\/neurotecheu.umh.es\/files\/2024\/06\/HR-24-05-30-00100-Resize-300x200.jpg 300w, https:\/\/neurotecheu.umh.es\/files\/2024\/06\/HR-24-05-30-00100-Resize-1024x683.jpg 1024w, https:\/\/neurotecheu.umh.es\/files\/2024\/06\/HR-24-05-30-00100-Resize-768x512.jpg 768w, https:\/\/neurotecheu.umh.es\/files\/2024\/06\/HR-24-05-30-00100-Resize-1536x1024.jpg 1536w, https:\/\/neurotecheu.umh.es\/files\/2024\/06\/HR-24-05-30-00100-Resize.jpg 2048w\" sizes=\"(max-width: 375px) 100vw, 375px\" \/><p id=\"caption-attachment-630\" class=\"wp-caption-text\">Capell d&#8217;encefalograma ANT Neuro usat durant la Summer School 0n EEG Functional Connectivity 2024 en la Universitat de Reykjav\u00edk&nbsp;<\/p><\/div>\n<p><strong><span style=\"color: #000000\">Van poder usar el capell des del primer dia?<\/span><\/strong><\/p>\n<p style=\"text-align: justify\"><strong><span style=\"color: #000000\">Cristina:<\/span><\/strong> S\u00ed, per\u00f2 en general el segon dia va ser molt m\u00e9s pr\u00e0ctic. Vam poder &#8216;toquetejar&#8217; el capell i els seus equips amb m\u00e9s temps. Diguem que ens van donar uns exercicis que dur a terme i pod\u00edem anar provant, tu ho anaves fent i ells t&#8217;anaven ajudant.<\/p>\n<p style=\"text-align: justify\"><strong><span style=\"color: #000000\">Paula:<\/span><\/strong> S\u00ed. Fins que al final tot el que t&#8217;havien anat comptant al mat\u00ed ho constru\u00efes.<\/p>\n<p>&nbsp;<\/p>\n<p style=\"text-align: justify\"><strong><span style=\"color: #000000\">La Summer School, els ha fet replantejar-se la traject\u00f2ria de la seua carrera? O ha influ\u00eft d&#8217;alguna manera en les seues metes a llarg termini?<\/span><\/strong><\/p>\n<p style=\"text-align: justify\"><strong><span style=\"color: #000000\">Cristina:<\/span><\/strong> A mi em va agradar el clima de treball que hi havia; una cosa amb la qual m&#8217;agradaria seguir en contacte. Hi ha molta gent de diferents \u00e0rees treballant en el mateix, amb un mateix objectiu. La Summer School \u00e9s una experi\u00e8ncia que recomanaria a tothom m\u00e9s enll\u00e0 d&#8217;estudiants i professors relacionats amb la Neuroci\u00e8ncia. \u00c9s realment apassionant veure com hi ha tantes persones lluitant per entendre i desxifrar el complex mecanisme que tenim dins del nostre cap.<\/p>\n<p style=\"text-align: justify\"><strong><span style=\"color: #000000\">Paula:<\/span> <\/strong>En el meu cas, jo repetisc el que he esmentat abans: les idees que em van sorgir sent all\u00ed. No com replantejar-me la meua carrera a llarg termini, per\u00f2 s\u00ed com a coses en les quals treballar o provar. A m\u00e9s de les classes impartides, el fet de con\u00e9ixer a persones de diferents llocs dedicant-se a branques tan variades de la neuroci\u00e8ncia \u00e9s molt enriquidor i aporta grans idees.&nbsp;<\/p>\n<p><\/p>","protected":false},"excerpt":{"rendered":"<p>La Universitat de Reykjav\u00edk \u2013membre de l&#8217;alian\u00e7a NeurotechEU\u2013 va celebrar el maig passat la Summer School on&nbsp; EEG Functional Connectivity 2024&nbsp;<br \/>\nCristina Polo i Paula Soriano s\u00f3n estudiants del Programa de Doctorat en Tecnologies Industrials i de Telecomunicaci\u00f3 (TECNIT) de la Universitat Miguel Hern\u00e1ndez d&#8217;Elx (UMH). Ambdues van assistir al maig de 2024 a la Summer [&#8230;]<\/p>\n","protected":false},"author":24743,"featured_media":0,"comment_status":"closed","ping_status":"open","sticky":false,"template":"","format":"standard","meta":{"ngg_post_thumbnail":0,"_links_to":"","_links_to_target":""},"categories":[1459912],"tags":[],"_links":{"self":[{"href":"https:\/\/neurotecheu.umh.es\/ca\/wp-json\/wp\/v2\/posts\/624"}],"collection":[{"href":"https:\/\/neurotecheu.umh.es\/ca\/wp-json\/wp\/v2\/posts"}],"about":[{"href":"https:\/\/neurotecheu.umh.es\/ca\/wp-json\/wp\/v2\/types\/post"}],"author":[{"embeddable":true,"href":"https:\/\/neurotecheu.umh.es\/ca\/wp-json\/wp\/v2\/users\/24743"}],"replies":[{"embeddable":true,"href":"https:\/\/neurotecheu.umh.es\/ca\/wp-json\/wp\/v2\/comments?post=624"}],"version-history":[{"count":0,"href":"https:\/\/neurotecheu.umh.es\/ca\/wp-json\/wp\/v2\/posts\/624\/revisions"}],"wp:attachment":[{"href":"https:\/\/neurotecheu.umh.es\/ca\/wp-json\/wp\/v2\/media?parent=624"}],"wp:term":[{"taxonomy":"category","embeddable":true,"href":"https:\/\/neurotecheu.umh.es\/ca\/wp-json\/wp\/v2\/categories?post=624"},{"taxonomy":"post_tag","embeddable":true,"href":"https:\/\/neurotecheu.umh.es\/ca\/wp-json\/wp\/v2\/tags?post=624"}],"curies":[{"name":"wp","href":"https:\/\/api.w.org\/{rel}","templated":true}]}}