{"id":686,"date":"2024-09-10T10:00:58","date_gmt":"2024-09-10T08:00:58","guid":{"rendered":"https:\/\/neurotecheu.umh.es\/?p=686"},"modified":"2025-07-23T15:03:56","modified_gmt":"2025-07-23T13:03:56","slug":"la-mente-humana-moldeada-por-el-mundo-material","status":"publish","type":"post","link":"https:\/\/neurotecheu.umh.es\/ca\/2024\/09\/10\/la-mente-humana-moldeada-por-el-mundo-material\/","title":{"rendered":"La ment humana moldejada pel m\u00f3n material"},"content":{"rendered":"<p><\/p>\n<h3 style=\"text-align: left\"><span style=\"color: #808080\"><span style=\"font-weight: 400\">El projecte <\/span><\/span><span style=\"color: #808080\"><i><span style=\"font-weight: 400\">XSCAPE: Material Minds&nbsp;<\/span><\/i><span style=\"font-weight: 400\">estudia la interacci\u00f3 entre els mateials i la cognici\u00f3 de les persones<\/span><\/span><\/h3>\n<p style=\"text-align: justify\"><span style=\"font-weight: 400;color: #000000\"><img loading=\"lazy\" class=\"size-full wp-image-696 alignright\" style=\"color: #000000;text-align: justify\" src=\"https:\/\/neurotecheu.umh.es\/files\/2024\/09\/Destacados-Entradas-1200x900-298-x-192-px-3.png\" alt=\"XSCAPE, Material Minds\" width=\"298\" height=\"192\">La paraula &#8216;desfici<em>&#8216;&nbsp;<\/em>sols existix en valenci\u00e0. Per a poder referir-se a este concepte en altres idiomes \u00e9s necessari utilitzar m\u00e9s d&#8217;una paraula. Altres exemples similars han fet que alguns investigadors es plantegen si les paraules que inventem influixen en la manera de processar la informaci\u00f3. Este tipus de difer\u00e8ncies culturals planteja, a la vegada, altres q\u00fcestions sobre les difer\u00e8ncies materials:<strong> \u00bfinfluix l&#8217;entorn materian en la manera d&#8217;entendre i processar la informaci\u00f3?<\/strong> El projecte \u2018XSCAPE: Material Minds\u2019 t\u00e9 com a objectiu comprendre <strong>com funcionen els nostres cervells quan interactuen amb el m\u00f3n material,<\/strong> constru\u00eft pels humans, per a qu\u00e8 altres \u00e0rees d&#8217;estudi o altres tecnologies puguen aplicar este coneixement. Segons explica un dels investigadors principals del projecte \u2013expert en diversitat i la evoluci\u00f3 de la complexitat social de la poblaci\u00f3 humana\u2013 Johannes M\u00fcller, <strong>el coneixement que resulte d&#8217;este estudi podria ajudar a detectar quan les persones estan sent manipulades en interactuar amb el m\u00f3n material.<\/strong> &#8220;La ciutadania podria beneficiar-se per a, en societats democr\u00e0tiques, ser conscients de dites manipulacions en motors de recerca, la televisi\u00f3 o les xarxes&#8221;, afig l&#8217;arque\u00f2leg.<\/span><\/p>\n<p style=\"text-align: justify\"><span style=\"color: #000000\"><span style=\"font-weight: 400\">XSCAPE \u00e9s un projecte finan\u00e7at pel programa Synergy Grants&nbsp;del <strong><a href=\"https:\/\/www.horizonteeuropa.es\/erc\">Consell d&#8217;Investigaci\u00f3 Europeu<\/a> <\/strong>&nbsp;(ERC-SYG, por les sues sigles en angl\u00e9s). <strong>Combina l&#8217;arqueologia, la neuroci\u00e8ncia visual i els estudis basats en simulacions.<\/strong> A m\u00e9s de M\u00fcller, prodessor&nbsp; a l&#8217;Institut de Prehist\u00f2ria i Protohist\u00f2ria Arqueol\u00f2gica de la Universitat de Kiel, lideren el progecte Luis M. Mart\u00ednez Otero, investigador de NeurotechEU des de l&#8217;Institut de Nueroci\u00e8ncies (centre mixt de la UMH i el CSIC); Andy Clark, professor de Filosofia Cognitiva a la Universitat de Sussex; i el coordinador Felipe Criado-Boado, professor d&#8217;investigaci\u00f3 i director de l&#8217;Institut de Ci\u00e8ncies del Patrimoni a Santiago de Compostela (INCIPIT-CSIC).<\/span><\/span><\/p>\n<p style=\"text-align: justify\"><span style=\"color: #000000\">Durant la seua visita a l&#8217;Institut de Neuroci\u00e8ncias, els experts van explicar que les tres \u00e0rees -neuroci\u00e8ncia, filosofia i arqueologia- estan treballant juntes per poder entendre els cambis d&#8217;\u00fas i d&#8217;estil en els materials de construcci\u00f3 i aix\u00ed, a la vegada, <strong>desenvolupar una guia sobre el comportament perceptiu que pot produir models interns de comportament basats en la materialitat.<\/strong> Segons Criado-Boado, en arqueologia &#8216;materialitat&#8217; no t\u00e9 per qu\u00e8 referir-se a materials cient\u00edfics o de construcci\u00f3. &#8220;L&#8217;arqueologia tracta tipus molt espec\u00edfics de materials. Per exemple, si parlem de la hist\u00f2ria de l&#8217;art o de la hist\u00f2ria de l&#8217;arquitectura, podem estar parlant d&#8217;art, grans obres d&#8217;art, grans edificis i similars&#8221;, afig Felipe Criado-Boado. Luis Mart\u00ednez afig com a exemple els tatuatges corporals, un altre tipus de materialitat que podria ser considerada per a estudi.<\/span><\/p>\n<div id=\"attachment_692\" style=\"width: 310px\" class=\"wp-caption aligncenter\"><img aria-describedby=\"caption-attachment-692\" loading=\"lazy\" class=\"size-medium wp-image-692\" src=\"https:\/\/neurotecheu.umh.es\/files\/2024\/09\/XSCAPE-Material-Minds-300x225.jpg\" alt=\"XSCAPE, Material Minds\" width=\"300\" height=\"225\" srcset=\"https:\/\/neurotecheu.umh.es\/files\/2024\/09\/XSCAPE-Material-Minds-300x225.jpg 300w, https:\/\/neurotecheu.umh.es\/files\/2024\/09\/XSCAPE-Material-Minds-1024x768.jpg 1024w, https:\/\/neurotecheu.umh.es\/files\/2024\/09\/XSCAPE-Material-Minds-768x576.jpg 768w, https:\/\/neurotecheu.umh.es\/files\/2024\/09\/XSCAPE-Material-Minds-1536x1152.jpg 1536w, https:\/\/neurotecheu.umh.es\/files\/2024\/09\/XSCAPE-Material-Minds.jpg 1600w\" sizes=\"(max-width: 300px) 100vw, 300px\" \/><p id=\"caption-attachment-692\" class=\"wp-caption-text\">XSCAPE: Material Minds | <a href=\"https:\/\/x.com\/xscape_project\/status\/1793606535257751608\">@xscape_project<\/a>&nbsp;<\/p><\/div>\n<p style=\"text-align: justify\"><span style=\"color: #000000\">Segons Luis M. Mart\u00ednez, <strong>XSCAPE arranca la seua segona fase:<\/strong> &#8220;Ara estem comen\u00e7ant amb el treball etnogr\u00e0fic i amb casos pr\u00e0ctics en comunitats ind\u00edgenes&#8221;. Actualment, estan treballant en cinc punts diferents d&#8217;Europa, \u00c0frica i Am\u00e8rica per a estudiar, mitjan\u00e7ant la t\u00e8cnica de seguiment ocular o eye-tracking, com les persones aut\u00f2ctones de diferents llocs observen un mateix objecte: qu\u00e8 \u00e9s el primer que veuen, a qu\u00e8 presten m\u00e9s atenci\u00f3, quant de temps dediquen als detalls m\u00e9s menuts&#8230; A partir de l&#8217;estudi del moviment dels ulls sobre l&#8217;objecte en q\u00fcesti\u00f3, <strong><a href=\"https:\/\/www.sciencedirect.com\/science\/article\/pii\/S0278416523000843?via%3Dihub\">els investigadors utilitzen la Red Bayesiana<\/a><\/strong> per a convertir estos moviments aparentment aleat\u00f2ris en patrons cognitius. \u00c9s a dir, <strong>investiguen mitjan\u00e7ant l&#8217;observaci\u00f3 d&#8217;un objecte si la cultura i els materials utilitzat a cada llos influixen en la manera de processar la informaci\u00f3 que percebem.<\/strong><\/span><\/p>\n<div style=\"width: 295px\" class=\"wp-caption aligncenter\"><img loading=\"lazy\" title=\"summary of our results showing that the pattern of spontaneous exploratory eye movements gradually transits from the earliest to the latest pots.\" src=\"https:\/\/media.springernature.com\/lw685\/springer-static\/image\/art%3A10.1038%2Fs41598-019-39661-w\/MediaObjects\/41598_2019_39661_Fig1_HTML.png\" alt=\"XSCAPE\" width=\"285\" height=\"408\"><p class=\"wp-caption-text\">Summary of our results showing that the pattern of spontaneous exploratory eye movements gradually transits from the earliest to the latest pots. | https:\/\/doi.org\/10.1038\/s41598-019-39661-w&nbsp;<\/p><\/div>\n<p style=\"text-align: justify\"><span style=\"color: #000000\">Este projecte ERC-SYG t\u00e9 una duraci\u00f3 de sis anys (2021-2027). L&#8217;objectiu de l&#8217;ERC \u00e9s refor\u00e7ar l&#8217;excel\u00b7l\u00e8ncia, el dinamisme i la creativitat de la investigaci\u00f3 europea com a resposta davant l&#8217;ambici\u00f3 de canviar a un model econ\u00f2mic basat en un creixement intel\u00b7ligent, sostenible i inclusiu.<\/span><\/p>\n<p>&nbsp;<\/p>\n<p>&nbsp;<\/p>","protected":false},"excerpt":{"rendered":"<p>El projecte XSCAPE: Material Minds&nbsp;estudia la interacci\u00f3 entre els mateials i la cognici\u00f3 de les persones<br \/>\nLa paraula &#8216;desfici&#8216;&nbsp;sols existix en valenci\u00e0. Per a poder referir-se a este concepte en altres idiomes \u00e9s necessari utilitzar m\u00e9s d&#8217;una paraula. Altres exemples similars han fet que alguns investigadors es plantegen si les paraules que inventem influixen en la [&#8230;]<\/p>\n","protected":false},"author":24743,"featured_media":0,"comment_status":"closed","ping_status":"open","sticky":false,"template":"","format":"standard","meta":{"ngg_post_thumbnail":0,"_links_to":"","_links_to_target":""},"categories":[228],"tags":[],"_links":{"self":[{"href":"https:\/\/neurotecheu.umh.es\/ca\/wp-json\/wp\/v2\/posts\/686"}],"collection":[{"href":"https:\/\/neurotecheu.umh.es\/ca\/wp-json\/wp\/v2\/posts"}],"about":[{"href":"https:\/\/neurotecheu.umh.es\/ca\/wp-json\/wp\/v2\/types\/post"}],"author":[{"embeddable":true,"href":"https:\/\/neurotecheu.umh.es\/ca\/wp-json\/wp\/v2\/users\/24743"}],"replies":[{"embeddable":true,"href":"https:\/\/neurotecheu.umh.es\/ca\/wp-json\/wp\/v2\/comments?post=686"}],"version-history":[{"count":0,"href":"https:\/\/neurotecheu.umh.es\/ca\/wp-json\/wp\/v2\/posts\/686\/revisions"}],"wp:attachment":[{"href":"https:\/\/neurotecheu.umh.es\/ca\/wp-json\/wp\/v2\/media?parent=686"}],"wp:term":[{"taxonomy":"category","embeddable":true,"href":"https:\/\/neurotecheu.umh.es\/ca\/wp-json\/wp\/v2\/categories?post=686"},{"taxonomy":"post_tag","embeddable":true,"href":"https:\/\/neurotecheu.umh.es\/ca\/wp-json\/wp\/v2\/tags?post=686"}],"curies":[{"name":"wp","href":"https:\/\/api.w.org\/{rel}","templated":true}]}}