{"id":705,"date":"2024-09-13T23:53:58","date_gmt":"2024-09-13T21:53:58","guid":{"rendered":"https:\/\/neurotecheu.umh.es\/?p=705"},"modified":"2025-07-23T11:19:41","modified_gmt":"2025-07-23T09:19:41","slug":"neurotecheu-mi-tesis-en-3-minutos","status":"publish","type":"post","link":"https:\/\/neurotecheu.umh.es\/ca\/2024\/09\/13\/neurotecheu-mi-tesis-en-3-minutos\/","title":{"rendered":"NeurotechEU &#8216;La Meua Tesis en 3 Minuts'"},"content":{"rendered":"<p><span style=\"font-weight: 400\">La Universitat Europea del Cervell i la Tecnologia, NeurotechEU, et convida a participar a la competici\u00f3 <em><strong>La Meua Tesis en 3 Minuts <\/strong><\/em>(3MT).<\/span>Esta competici\u00f3 que posa a doctorands i doctorandes davant el repte de sintetitzar la seua tesi doctoral en 3 minuts i presentar-la en p\u00fablic.<\/p>\n<p><img loading=\"lazy\" class=\"wp-image-720 alignright\" src=\"https:\/\/neurotecheu.umh.es\/files\/2024\/09\/Julias-300x282.png\" alt=\"3MT\" width=\"219\" height=\"205\" srcset=\"https:\/\/neurotecheu.umh.es\/files\/2024\/09\/Julias-300x282.png 300w, https:\/\/neurotecheu.umh.es\/files\/2024\/09\/Julias-1024x963.png 1024w, https:\/\/neurotecheu.umh.es\/files\/2024\/09\/Julias-768x723.png 768w, https:\/\/neurotecheu.umh.es\/files\/2024\/09\/Julias.png 1148w\" sizes=\"(max-width: 219px) 100vw, 219px\" \/>Les persones interessades han d&#8217;enviar els resums de la seua<strong> tesis relacionades amb la tecnologia o la neuroci\u00e8ncia<\/strong> a l&#8217;adre\u00e7a neurotecheu@umh.es fins a les <strong>23.59 hores del dia 26 de setembre.&nbsp;<\/strong><\/p>\n<p>Una comissi\u00f3 seleccionar\u00e0 els cinc resums m\u00e9s destacats, els autors dels quals seran convidats a participar en la presentaci\u00f3 p\u00fablica de les 3MT. Esta tindr\u00e0 lloc el dia<strong> 30 de setembre<\/strong> en un esdeveniment en l\u00ednia (l&#8217;hora i sessi\u00f3 es publicar\u00e0 posteriorment) i les persones participants han de comptar la seua tesi en 3 minuts, en l&#8217;orde que s&#8217;establisca per sorteig.&nbsp;<\/p>\n<p>La persona guanyadora obtindr\u00e0 una pla\u00e7a per a&nbsp; assistir al <em><strong>Hackathon<\/strong><\/em> anual de NeurotechEU, que se celebrar\u00e0 a Istanbul (Turquia), del 12 al 14 de novembre.&nbsp;<\/p>\n<p>Llija les <strong>bases de la competici\u00f3<\/strong> en:<\/p>\n<p><a href=\"https:\/\/neurotecheu.umh.es\/files\/2024\/09\/NeurotechEU-3MT-2024-at-UMH-2.pdf\" target=\"_blank\" rel=\"noopener\"><img loading=\"lazy\" class=\"alignleft wp-image-708\" src=\"https:\/\/neurotecheu.umh.es\/files\/2024\/09\/Destacados-Entradas-1200x900-298-x-192-px-2.png\" alt=\"NeurotechEU 3MT 2024 at UMH\" width=\"85\" height=\"85\"><\/a><\/p>\n<p>&nbsp;<\/p>\n<p>&nbsp;<\/p>\n<p>&nbsp;<\/p>\n<p><strong>Formulari<\/strong> per a sol\u00b7licitar participaci\u00f3 en el 3MT 2024:<\/p>\n<p><a href=\"https:\/\/docs.google.com\/forms\/d\/e\/1FAIpQLSc8ZXuofDJjy2oRX8yVD1qMQOgFvaiO9_6NoJlcRY1TWvMHWQ\/viewform?usp=sf_link\" target=\"_blank\" rel=\"noopener\"><img loading=\"lazy\" class=\"alignleft wp-image-714\" src=\"https:\/\/neurotecheu.umh.es\/files\/2024\/09\/Application-form-NeurotechEU-3MT-at-UMH.png\" alt=\"Applicatio form for the NeurotechEU 3MT 2024 at UMH\" width=\"95\" height=\"91\"><\/a><\/p>","protected":false},"excerpt":{"rendered":"<p>La Universitat Europea del Cervell i la Tecnologia, NeurotechEU, et convida a participar a la competici\u00f3 La Meua Tesis en 3 Minuts (3MT).Esta competici\u00f3 que posa a doctorands i doctorandes davant el repte de sintetitzar la seua tesi doctoral en 3 minuts i presentar-la en p\u00fablic.<br \/>\nLes persones interessades han d&#8217;enviar els resums de la seua [&#8230;]<\/p>\n","protected":false},"author":24743,"featured_media":0,"comment_status":"closed","ping_status":"open","sticky":false,"template":"","format":"standard","meta":{"ngg_post_thumbnail":0,"_links_to":"","_links_to_target":""},"categories":[1459918],"tags":[],"_links":{"self":[{"href":"https:\/\/neurotecheu.umh.es\/ca\/wp-json\/wp\/v2\/posts\/705"}],"collection":[{"href":"https:\/\/neurotecheu.umh.es\/ca\/wp-json\/wp\/v2\/posts"}],"about":[{"href":"https:\/\/neurotecheu.umh.es\/ca\/wp-json\/wp\/v2\/types\/post"}],"author":[{"embeddable":true,"href":"https:\/\/neurotecheu.umh.es\/ca\/wp-json\/wp\/v2\/users\/24743"}],"replies":[{"embeddable":true,"href":"https:\/\/neurotecheu.umh.es\/ca\/wp-json\/wp\/v2\/comments?post=705"}],"version-history":[{"count":0,"href":"https:\/\/neurotecheu.umh.es\/ca\/wp-json\/wp\/v2\/posts\/705\/revisions"}],"wp:attachment":[{"href":"https:\/\/neurotecheu.umh.es\/ca\/wp-json\/wp\/v2\/media?parent=705"}],"wp:term":[{"taxonomy":"category","embeddable":true,"href":"https:\/\/neurotecheu.umh.es\/ca\/wp-json\/wp\/v2\/categories?post=705"},{"taxonomy":"post_tag","embeddable":true,"href":"https:\/\/neurotecheu.umh.es\/ca\/wp-json\/wp\/v2\/tags?post=705"}],"curies":[{"name":"wp","href":"https:\/\/api.w.org\/{rel}","templated":true}]}}