{"id":744,"date":"2024-09-28T13:05:31","date_gmt":"2024-09-28T11:05:31","guid":{"rendered":"https:\/\/neurotecheu.umh.es\/?p=744"},"modified":"2025-07-23T10:47:05","modified_gmt":"2025-07-23T08:47:05","slug":"neurotecheu-en-la-conferencia-anual-de-la-asociacion-europea-para-la-educacion-internacional","status":"publish","type":"post","link":"https:\/\/neurotecheu.umh.es\/ca\/2024\/09\/28\/neurotecheu-en-la-conferencia-anual-de-la-asociacion-europea-para-la-educacion-internacional\/","title":{"rendered":"NeurotechEU en la Associaci\u00f3 Europea per la Educaci\u00f3 Internacional"},"content":{"rendered":"<p><span style=\"font-weight: 400\">L&#8217;<strong><a href=\"https:\/\/www.eaie.org\/\">Associaci\u00f3 Europea per la Educaci\u00f3 Internacional<\/a><\/strong> (EAIE, per les seues sigles en angl\u00e9s) va celebrar la setmana passada, a Tolosa (Fran\u00e7a), una trobada d&#8217;universitats europees. L&#8217;objectiu d&#8217;este esdeveniment anual \u00e9s refor\u00e7ar i enfortir les relacions entre les diferents institucions educatives. Com a part de la delegaci\u00f3 de la Universitat Miguel Hern\u00e1ndez d&#8217;Elx, encap\u00e7alada pel vicerector adjunt d&#8217;Internacionalitzaci\u00f3 Alberto Rodr\u00edguez, va assistir Inmaculada Blaya, Directora del Servici de Relacions Internacionals, Cooperaci\u00f3 al Desenrotllament i Voluntariat i membre actiu del paquet de treball que promou la mobilitat entre universitats s\u00f2cies de l&#8217;alian\u00e7a NeurotechEU, la Universitat Europea del Cervell i la Tecnologia. Aix\u00ed mateix ens va representar la t\u00e8cnica de mobilitat i col\u00b7laboradora de NeurotechEU M\u00f3nica Candela.<\/span><\/p>\n<div id=\"attachment_747\" style=\"width: 358px\" class=\"wp-caption aligncenter\"><img aria-describedby=\"caption-attachment-747\" loading=\"lazy\" class=\"wp-image-747 \" src=\"https:\/\/neurotecheu.umh.es\/files\/2024\/09\/Toulouse-I-September-17-e1727440227523-300x256.jpg\" alt=\"Representantes de NeurotechEU en la EAIE 202\" width=\"348\" height=\"297\" srcset=\"https:\/\/neurotecheu.umh.es\/files\/2024\/09\/Toulouse-I-September-17-e1727440227523-300x256.jpg 300w, https:\/\/neurotecheu.umh.es\/files\/2024\/09\/Toulouse-I-September-17-e1727440227523.jpg 720w\" sizes=\"(max-width: 348px) 100vw, 348px\" \/><p id=\"caption-attachment-747\" class=\"wp-caption-text\">Representants de NeurotechEU en la EAIE 2024<\/p><\/div>\n<p>Aprofitant l&#8217;ocasi\u00f3 i l&#8217;assist\u00e8ncia de diferents membres de l&#8217;alian\u00e7a, es va organitzar una reuni\u00f3 per a tractar de forma transversal la mobilitat i la comunicaci\u00f3n dins l&#8217;alian\u00e7a. L&#8217;objectiu la de la reuni\u00f3 va ser comen\u00e7ar a marcar les<strong> pautes a seguir a l&#8217;hora de treballar en totes dues \u00e0rees de manera conjunta.<\/strong>&nbsp;<\/p>","protected":false},"excerpt":{"rendered":"<p>L&#8217;Associaci\u00f3 Europea per la Educaci\u00f3 Internacional (EAIE, per les seues sigles en angl\u00e9s) va celebrar la setmana passada, a Tolosa (Fran\u00e7a), una trobada d&#8217;universitats europees. L&#8217;objectiu d&#8217;este esdeveniment anual \u00e9s refor\u00e7ar i enfortir les relacions entre les diferents institucions educatives. Com a part de la delegaci\u00f3 de la Universitat Miguel Hern\u00e1ndez d&#8217;Elx, encap\u00e7alada pel vicerector [&#8230;]<\/p>\n","protected":false},"author":24743,"featured_media":0,"comment_status":"closed","ping_status":"open","sticky":false,"template":"","format":"standard","meta":{"ngg_post_thumbnail":0,"_links_to":"","_links_to_target":""},"categories":[23],"tags":[],"_links":{"self":[{"href":"https:\/\/neurotecheu.umh.es\/ca\/wp-json\/wp\/v2\/posts\/744"}],"collection":[{"href":"https:\/\/neurotecheu.umh.es\/ca\/wp-json\/wp\/v2\/posts"}],"about":[{"href":"https:\/\/neurotecheu.umh.es\/ca\/wp-json\/wp\/v2\/types\/post"}],"author":[{"embeddable":true,"href":"https:\/\/neurotecheu.umh.es\/ca\/wp-json\/wp\/v2\/users\/24743"}],"replies":[{"embeddable":true,"href":"https:\/\/neurotecheu.umh.es\/ca\/wp-json\/wp\/v2\/comments?post=744"}],"version-history":[{"count":0,"href":"https:\/\/neurotecheu.umh.es\/ca\/wp-json\/wp\/v2\/posts\/744\/revisions"}],"wp:attachment":[{"href":"https:\/\/neurotecheu.umh.es\/ca\/wp-json\/wp\/v2\/media?parent=744"}],"wp:term":[{"taxonomy":"category","embeddable":true,"href":"https:\/\/neurotecheu.umh.es\/ca\/wp-json\/wp\/v2\/categories?post=744"},{"taxonomy":"post_tag","embeddable":true,"href":"https:\/\/neurotecheu.umh.es\/ca\/wp-json\/wp\/v2\/tags?post=744"}],"curies":[{"name":"wp","href":"https:\/\/api.w.org\/{rel}","templated":true}]}}