{"id":801,"date":"2024-10-11T17:40:16","date_gmt":"2024-10-11T15:40:16","guid":{"rendered":"https:\/\/neurotecheu.umh.es\/?p=801"},"modified":"2025-07-23T10:46:45","modified_gmt":"2025-07-23T08:46:45","slug":"raul-reina-premiado-por-el-comite-paralimpico-internacional-por-su-labor-de-investigacion-y-transferencia","status":"publish","type":"post","link":"https:\/\/neurotecheu.umh.es\/ca\/2024\/10\/11\/raul-reina-premiado-por-el-comite-paralimpico-internacional-por-su-labor-de-investigacion-y-transferencia\/","title":{"rendered":"Ra\u00fal Reina, premiat pel Comit\u00e9 Paral\u00edmpic Internacional pel seu treball d&#8217;investigaci\u00f3 i transfer\u00e8ncia"},"content":{"rendered":"<p><img loading=\"lazy\" class=\"wp-image-804 alignright\" src=\"https:\/\/neurotecheu.umh.es\/files\/2024\/10\/Raul_Reina_Awarded-1024x768.jpg\" alt=\"\" width=\"295\" height=\"221\" srcset=\"https:\/\/neurotecheu.umh.es\/files\/2024\/10\/Raul_Reina_Awarded-1024x768.jpg 1024w, https:\/\/neurotecheu.umh.es\/files\/2024\/10\/Raul_Reina_Awarded-300x225.jpg 300w, https:\/\/neurotecheu.umh.es\/files\/2024\/10\/Raul_Reina_Awarded-768x576.jpg 768w, https:\/\/neurotecheu.umh.es\/files\/2024\/10\/Raul_Reina_Awarded.jpg 1200w\" sizes=\"(max-width: 295px) 100vw, 295px\" \/>Des de la Universitat Europea del Cervell i la Tecnologia \u2013NeurotechEU\u2013 volem felicitar i donar l&#8217;enhorabona a Ra\u00fal Reina pel premi del Comit\u00e9 Paral\u00edmpic Internacional&nbsp; que reconeix la seua&nbsp; \u201ccontribuci\u00f3 significativa\u201d a la investigaci\u00f3 i transfer\u00e8ncia en l&#8217;\u00e0mbit de l&#8217;esport paral\u00edmpic.&nbsp;<\/p>\n<p>El professor de la Universitat Miguel Hern\u00e1ndez d&#8217;Elx, aix\u00ed mateix integrant del grup de treball de NeurotechEU sobre igualtat d&#8217;oportunitats, ha contribu\u00eft significativament a la classificaci\u00f3 d&#8217;atletes amb par\u00e0lisi cerebral, desenrotllant sistemes que han millorat la pr\u00e0ctica esportiva d&#8217;estos atletes. A m\u00e9s, Reina \u00e9s un dels 24 experts internacionals del grup de treball que ha contribu\u00eft al desenrotllament nou Codi de Classificaci\u00f3 en Esport Paral\u00edmpic durant els \u00faltims tres anys.&nbsp;&nbsp;<\/p>\n<p>Aix\u00ed doncs, l&#8217;alian\u00e7a europea NeurotechEU el felicita per este reconeixement, que destaca l&#8217;impacte del seu treball en el desenrotllament d&#8217;investigacions innovadores aplicades en l&#8217;esport per a persones amb capacitats diferents.<\/p>","protected":false},"excerpt":{"rendered":"<p>Des de la Universitat Europea del Cervell i la Tecnologia \u2013NeurotechEU\u2013 volem felicitar i donar l&#8217;enhorabona a Ra\u00fal Reina pel premi del Comit\u00e9 Paral\u00edmpic Internacional&nbsp; que reconeix la seua&nbsp; \u201ccontribuci\u00f3 significativa\u201d a la investigaci\u00f3 i transfer\u00e8ncia en l&#8217;\u00e0mbit de l&#8217;esport paral\u00edmpic.&nbsp;<br \/>\nEl professor de la Universitat Miguel Hern\u00e1ndez d&#8217;Elx, aix\u00ed mateix integrant del grup de treball [&#8230;]<\/p>\n","protected":false},"author":24743,"featured_media":0,"comment_status":"closed","ping_status":"open","sticky":false,"template":"","format":"standard","meta":{"ngg_post_thumbnail":0,"_links_to":"","_links_to_target":""},"categories":[23],"tags":[],"_links":{"self":[{"href":"https:\/\/neurotecheu.umh.es\/ca\/wp-json\/wp\/v2\/posts\/801"}],"collection":[{"href":"https:\/\/neurotecheu.umh.es\/ca\/wp-json\/wp\/v2\/posts"}],"about":[{"href":"https:\/\/neurotecheu.umh.es\/ca\/wp-json\/wp\/v2\/types\/post"}],"author":[{"embeddable":true,"href":"https:\/\/neurotecheu.umh.es\/ca\/wp-json\/wp\/v2\/users\/24743"}],"replies":[{"embeddable":true,"href":"https:\/\/neurotecheu.umh.es\/ca\/wp-json\/wp\/v2\/comments?post=801"}],"version-history":[{"count":0,"href":"https:\/\/neurotecheu.umh.es\/ca\/wp-json\/wp\/v2\/posts\/801\/revisions"}],"wp:attachment":[{"href":"https:\/\/neurotecheu.umh.es\/ca\/wp-json\/wp\/v2\/media?parent=801"}],"wp:term":[{"taxonomy":"category","embeddable":true,"href":"https:\/\/neurotecheu.umh.es\/ca\/wp-json\/wp\/v2\/categories?post=801"},{"taxonomy":"post_tag","embeddable":true,"href":"https:\/\/neurotecheu.umh.es\/ca\/wp-json\/wp\/v2\/tags?post=801"}],"curies":[{"name":"wp","href":"https:\/\/api.w.org\/{rel}","templated":true}]}}