{"id":809,"date":"2024-10-17T11:41:21","date_gmt":"2024-10-17T09:41:21","guid":{"rendered":"https:\/\/neurotecheu.umh.es\/?p=809"},"modified":"2025-07-23T11:19:32","modified_gmt":"2025-07-23T09:19:32","slug":"escuela-de-invierno-neurotecheu-desafios-y-riesgos-de-la-neurociencia-y-la-neurotecnologia-en-tiempos-de-la-inteligencia-artificial","status":"publish","type":"post","link":"https:\/\/neurotecheu.umh.es\/ca\/2024\/10\/17\/escuela-de-invierno-neurotecheu-desafios-y-riesgos-de-la-neurociencia-y-la-neurotecnologia-en-tiempos-de-la-inteligencia-artificial\/","title":{"rendered":"Escola d&#8217;Hivern NeurotechEU: Desafiaments i riscos de la neuroci\u00e8ncia i la neurotecnolog\u00eda en temps d&#8217;Intel\u00b7lig\u00e8ncia Artificial"},"content":{"rendered":"<p><img loading=\"lazy\" class=\"wp-image-926 alignright\" src=\"https:\/\/neurotecheu.umh.es\/files\/2024\/10\/2024_WinterSchool_UMH_square-1024x1024.png\" alt=\"\" width=\"192\" height=\"192\" srcset=\"https:\/\/neurotecheu.umh.es\/files\/2024\/10\/2024_WinterSchool_UMH_square-1024x1024.png 1024w, https:\/\/neurotecheu.umh.es\/files\/2024\/10\/2024_WinterSchool_UMH_square-300x300.png 300w, https:\/\/neurotecheu.umh.es\/files\/2024\/10\/2024_WinterSchool_UMH_square-150x150.png 150w, https:\/\/neurotecheu.umh.es\/files\/2024\/10\/2024_WinterSchool_UMH_square-768x768.png 768w, https:\/\/neurotecheu.umh.es\/files\/2024\/10\/2024_WinterSchool_UMH_square.png 1080w\" sizes=\"(max-width: 192px) 100vw, 192px\" \/><\/p>\n<p>Per a analitzar les interseccions entre la neuroci\u00e8ncia i la intel\u00b7lig\u00e8ncia artificial (IA) des d&#8217;una perspectiva \u00e8tica i legal, la <a href=\"https:\/\/theneurotech.eu\/\">Universitat Europea de Cervell i Tecnologia<\/a>-NeurotechEU i la Universitat Miguel Hern\u00e1ndez d&#8217;Elx (UMH) estan organitzant l<strong><span style=\"color: #000080\">&#8216;Escola d&#8217;Hivern 2024: Desafiaments i riscos de la neuroci\u00e8ncia i la neurotecnolog\u00eda en temps d&#8217;Intel\u00b7lig\u00e8ncia Artificial<\/span><\/strong>. L&#8217;Escola d&#8217;Hivern es dur\u00e0 a terme <strong><span style=\"color: #000080\">del 16 al 18 de desembre<\/span> <\/strong>a Elx, Espanya.<\/p>\n<p>Esta activitat est\u00e0 dirigida a <strong><span style=\"color: #000080\">estudiants, investigadors, personal i professionals dels membres de NeurotechEU i socis<\/span><\/strong>. Els participants assistiran a diferents sessions on experts analitzaran l&#8217;\u00e8tica de la IA, els neuroderechos, les implicacions legals i socials de la neuroci\u00e8ncia aplicada, i els riscos associats amb la integraci\u00f3 de la IA en la neuroci\u00e8ncia.<span style=\"font-weight: 400\"><span style=\"color: #000080\"><strong><a style=\"color: #000080\" href=\"https:\/\/drive.google.com\/drive\/folders\/1QjDtH1NxmW9kUQpaGemvqz8xF2pvASVz\">Consulta l&#8217;agenda ac\u00ed<\/a><\/strong><\/span>.<\/span><\/p>\n<p>&nbsp;<\/p>\n<p><span style=\"font-weight: 400\">&nbsp;<\/span><\/p>","protected":false},"excerpt":{"rendered":"<p>Per a analitzar les interseccions entre la neuroci\u00e8ncia i la intel\u00b7lig\u00e8ncia artificial (IA) des d&#8217;una perspectiva \u00e8tica i legal, la Universitat Europea de Cervell i Tecnologia-NeurotechEU i la Universitat Miguel Hern\u00e1ndez d&#8217;Elx (UMH) estan organitzant l&#8216;Escola d&#8217;Hivern 2024: Desafiaments i riscos de la neuroci\u00e8ncia i la neurotecnolog\u00eda en temps d&#8217;Intel\u00b7lig\u00e8ncia Artificial. L&#8217;Escola d&#8217;Hivern es dur\u00e0 [&#8230;]<\/p>\n","protected":false},"author":24743,"featured_media":0,"comment_status":"closed","ping_status":"open","sticky":false,"template":"","format":"standard","meta":{"ngg_post_thumbnail":0,"_links_to":"","_links_to_target":""},"categories":[367229],"tags":[],"_links":{"self":[{"href":"https:\/\/neurotecheu.umh.es\/ca\/wp-json\/wp\/v2\/posts\/809"}],"collection":[{"href":"https:\/\/neurotecheu.umh.es\/ca\/wp-json\/wp\/v2\/posts"}],"about":[{"href":"https:\/\/neurotecheu.umh.es\/ca\/wp-json\/wp\/v2\/types\/post"}],"author":[{"embeddable":true,"href":"https:\/\/neurotecheu.umh.es\/ca\/wp-json\/wp\/v2\/users\/24743"}],"replies":[{"embeddable":true,"href":"https:\/\/neurotecheu.umh.es\/ca\/wp-json\/wp\/v2\/comments?post=809"}],"version-history":[{"count":0,"href":"https:\/\/neurotecheu.umh.es\/ca\/wp-json\/wp\/v2\/posts\/809\/revisions"}],"wp:attachment":[{"href":"https:\/\/neurotecheu.umh.es\/ca\/wp-json\/wp\/v2\/media?parent=809"}],"wp:term":[{"taxonomy":"category","embeddable":true,"href":"https:\/\/neurotecheu.umh.es\/ca\/wp-json\/wp\/v2\/categories?post=809"},{"taxonomy":"post_tag","embeddable":true,"href":"https:\/\/neurotecheu.umh.es\/ca\/wp-json\/wp\/v2\/tags?post=809"}],"curies":[{"name":"wp","href":"https:\/\/api.w.org\/{rel}","templated":true}]}}