{"id":815,"date":"2024-10-17T11:47:31","date_gmt":"2024-10-17T09:47:31","guid":{"rendered":"https:\/\/neurotecheu.umh.es\/?p=815"},"modified":"2025-07-23T11:19:24","modified_gmt":"2025-07-23T09:19:24","slug":"summit-2024-sobre-los-multiples-aspectos-de-la-dimension-8-de-neurotecheu","status":"publish","type":"post","link":"https:\/\/neurotecheu.umh.es\/ca\/2024\/10\/17\/summit-2024-sobre-los-multiples-aspectos-de-la-dimension-8-de-neurotecheu\/","title":{"rendered":"Summit 2024 sobre &#8220;Els m\u00faltiples aspectes de la Dimensi\u00f3 8 de NeurotechEU&#8221;"},"content":{"rendered":"<p><img loading=\"lazy\" class=\"wp-image-929 alignright\" src=\"https:\/\/neurotecheu.umh.es\/files\/2024\/10\/2024_Summi_UMH_Square-1024x1024.png\" alt=\"\" width=\"253\" height=\"253\" srcset=\"https:\/\/neurotecheu.umh.es\/files\/2024\/10\/2024_Summi_UMH_Square-1024x1024.png 1024w, https:\/\/neurotecheu.umh.es\/files\/2024\/10\/2024_Summi_UMH_Square-300x300.png 300w, https:\/\/neurotecheu.umh.es\/files\/2024\/10\/2024_Summi_UMH_Square-150x150.png 150w, https:\/\/neurotecheu.umh.es\/files\/2024\/10\/2024_Summi_UMH_Square-768x768.png 768w, https:\/\/neurotecheu.umh.es\/files\/2024\/10\/2024_Summi_UMH_Square.png 1080w\" sizes=\"(max-width: 253px) 100vw, 253px\" \/>La Universitat Miguel Hern\u00e1ndez d&#8217;Elx est\u00e0 organitzant la <strong><span style=\"color: #000080\"><em>Summit<\/em> 2024 sobre &#8220;Els m\u00faltiples aspectes de la Dimensi\u00f3 8 de NeurotechEU&#8221;.<\/span><\/strong> Es dur\u00e0 a terme a Elx (Espanya) el 18 de desembre.<\/p>\n<p>Este esdeveniment anual t\u00e9 com a objectiu enfortir la col\u00b7laboraci\u00f3 entre i<strong><span style=\"color: #000080\">nvestigadors, professors, estudiants, personal, socis associats i altres actors del consorc<\/span><span style=\"color: #000080\">i<\/span><\/strong>. Enguany se centrar\u00e0 en els camps interdisciplinaris de la neuroci\u00e8ncia, la bio\u00e8tica, el dret i altres disciplines relacionades amb la Dimensi\u00f3 8: Neurometaf\u00edsica.<\/p>\n<p>Per poder sol\u00b7licitar una pla\u00e7a, envia un correu a neurotecheu@umh.es i realitzarem la inscripci\u00f3.<\/p>\n<p>Si est\u00e0s interessat a assistir\u2026 <strong><span style=\"color: #000080\">reserva la data: 18 de desembre de 2024<\/span><\/strong> i estigues atent a les pr\u00f2ximes novetats!<\/p>","protected":false},"excerpt":{"rendered":"<p>La Universitat Miguel Hern\u00e1ndez d&#8217;Elx est\u00e0 organitzant la Summit 2024 sobre &#8220;Els m\u00faltiples aspectes de la Dimensi\u00f3 8 de NeurotechEU&#8221;. Es dur\u00e0 a terme a Elx (Espanya) el 18 de desembre.<br \/>\nEste esdeveniment anual t\u00e9 com a objectiu enfortir la col\u00b7laboraci\u00f3 entre investigadors, professors, estudiants, personal, socis associats i altres actors del consorci. Enguany se centrar\u00e0 [&#8230;]<\/p>\n","protected":false},"author":24743,"featured_media":0,"comment_status":"closed","ping_status":"open","sticky":false,"template":"","format":"standard","meta":{"ngg_post_thumbnail":0,"_links_to":"","_links_to_target":""},"categories":[367229],"tags":[],"_links":{"self":[{"href":"https:\/\/neurotecheu.umh.es\/ca\/wp-json\/wp\/v2\/posts\/815"}],"collection":[{"href":"https:\/\/neurotecheu.umh.es\/ca\/wp-json\/wp\/v2\/posts"}],"about":[{"href":"https:\/\/neurotecheu.umh.es\/ca\/wp-json\/wp\/v2\/types\/post"}],"author":[{"embeddable":true,"href":"https:\/\/neurotecheu.umh.es\/ca\/wp-json\/wp\/v2\/users\/24743"}],"replies":[{"embeddable":true,"href":"https:\/\/neurotecheu.umh.es\/ca\/wp-json\/wp\/v2\/comments?post=815"}],"version-history":[{"count":0,"href":"https:\/\/neurotecheu.umh.es\/ca\/wp-json\/wp\/v2\/posts\/815\/revisions"}],"wp:attachment":[{"href":"https:\/\/neurotecheu.umh.es\/ca\/wp-json\/wp\/v2\/media?parent=815"}],"wp:term":[{"taxonomy":"category","embeddable":true,"href":"https:\/\/neurotecheu.umh.es\/ca\/wp-json\/wp\/v2\/categories?post=815"},{"taxonomy":"post_tag","embeddable":true,"href":"https:\/\/neurotecheu.umh.es\/ca\/wp-json\/wp\/v2\/tags?post=815"}],"curies":[{"name":"wp","href":"https:\/\/api.w.org\/{rel}","templated":true}]}}