{"id":825,"date":"2024-10-21T14:54:49","date_gmt":"2024-10-21T12:54:49","guid":{"rendered":"https:\/\/neurotecheu.umh.es\/?p=825"},"modified":"2025-07-23T11:04:19","modified_gmt":"2025-07-23T09:04:19","slug":"seminar-on-neuropsychiatry-and-developmental-disorders","status":"publish","type":"post","link":"https:\/\/neurotecheu.umh.es\/ca\/2024\/10\/21\/seminar-on-neuropsychiatry-and-developmental-disorders\/","title":{"rendered":"Seminar on neuropsychiatry and developmental disorders"},"content":{"rendered":"<p><span style=\"font-weight: 400\"><img loading=\"lazy\" class=\" wp-image-828 alignright\" src=\"https:\/\/neurotecheu.umh.es\/files\/2024\/10\/Indigo-1024x1024.png\" alt=\"\" width=\"204\" height=\"204\" srcset=\"https:\/\/neurotecheu.umh.es\/files\/2024\/10\/Indigo-1024x1024.png 1024w, https:\/\/neurotecheu.umh.es\/files\/2024\/10\/Indigo-300x300.png 300w, https:\/\/neurotecheu.umh.es\/files\/2024\/10\/Indigo-150x150.png 150w, https:\/\/neurotecheu.umh.es\/files\/2024\/10\/Indigo-768x768.png 768w, https:\/\/neurotecheu.umh.es\/files\/2024\/10\/Indigo.png 1080w\" sizes=\"(max-width: 204px) 100vw, 204px\" \/><\/span>StratNeuro i <span style=\"color: #000000\">la <\/span>Universitat Europea de Cervell i Tecnologia-NeurotechEU han organitzat el Seminari sobre <span style=\"color: #000080\"><em><strong>Neuropsychiatry and Developmental disorders<\/strong> <\/em><\/span>el pr\u00f2xim <strong><span style=\"color: #000080\">24 d&#8217;octubre de 2024<\/span><\/strong>.<\/p>\n<p>El seminari comen\u00e7ar\u00e0 <strong><span style=\"color: #000080\">a les 14 h <\/span><\/strong>i tindr\u00e0 una sessi\u00f3 a les 16 h destinada a estudiants de doctorat.<\/p>\n<ul>\n<li><strong>Data<\/strong>: 24 d&#8217;octubre de 2024<\/li>\n<li><strong>Hora<\/strong>: 14 h &#8211; 16 h<\/li>\n<li><strong>Universitat amfitriona<\/strong>: Institut Karolinska (Su\u00e8cia)<\/li>\n<li><strong>Enlla\u00e7<\/strong>: <a href=\"https:\/\/news.ki.se\/calendar\/stratneuro-neurotecheu-seminar-on-neuropsychiatry-and-developmental-disorders\"><span style=\"font-weight: 400\">Seminar on Neuropsychiatry and Developmental disorders&nbsp;<\/span><\/a><\/li>\n<\/ul>\n<p>StratNeuro i NeurotechEU comptaran amb la participaci\u00f3 de <strong><span style=\"color: #000080\">Jan Buitelaar<\/span><\/strong>, de la Universitat Radboud, aliada de NeurotechEU, i <span style=\"color: #000080\"><strong>Renaud Jardri<\/strong><\/span>, de la Universitat de Lilla, tamb\u00e9 aliada de NeurotechEU, per a una interessant sessi\u00f3 sobre neuropsiquiatr\u00eda i trastorns del desenvolupament.<\/p>\n<p>Si est\u00e0s interessat a unir-te a la reuni\u00f3,<strong><span style=\"color: #000080\"><a style=\"color: #000080\" href=\"https:\/\/forms.office.com\/pages\/responsepage.aspx?id=8e73v0vPMk--PaHdoEPAXRfgarcwWSNGjqw3YFxHeQxUQlJJOEVXUFNFVTZPNTBGNkMzVEdKN1BJNy4u&amp;route=shorturl\"> registra&#8217;t ac\u00ed.<\/a><\/span><\/strong><\/p>\n<p>La Universitat Miguel Hern\u00e1ndez d&#8217;Elx (UMH) <strong><span style=\"color: #000080\">no<\/span> <\/strong>cobrix este despla\u00e7ament. <a href=\"https:\/\/neurotecheu.umh.es\/movilidad-umh\/\">Consulta les oportunitats que la UMH s\u00ed que cobrix.<\/a><\/p>","protected":false},"excerpt":{"rendered":"<p>StratNeuro i la Universitat Europea de Cervell i Tecnologia-NeurotechEU han organitzat el Seminari sobre Neuropsychiatry and Developmental disorders el pr\u00f2xim 24 d&#8217;octubre de 2024.<br \/>\nEl seminari comen\u00e7ar\u00e0 a les 14 h i tindr\u00e0 una sessi\u00f3 a les 16 h destinada a estudiants de doctorat.<\/p>\n<p>Data: 24 d&#8217;octubre de 2024<br \/>\nHora: 14 h &#8211; 16 h<br \/>\nUniversitat amfitriona: Institut Karolinska [&#8230;]<\/p>\n","protected":false},"author":24743,"featured_media":0,"comment_status":"closed","ping_status":"open","sticky":false,"template":"","format":"standard","meta":{"ngg_post_thumbnail":0,"_links_to":"","_links_to_target":""},"categories":[1750],"tags":[],"_links":{"self":[{"href":"https:\/\/neurotecheu.umh.es\/ca\/wp-json\/wp\/v2\/posts\/825"}],"collection":[{"href":"https:\/\/neurotecheu.umh.es\/ca\/wp-json\/wp\/v2\/posts"}],"about":[{"href":"https:\/\/neurotecheu.umh.es\/ca\/wp-json\/wp\/v2\/types\/post"}],"author":[{"embeddable":true,"href":"https:\/\/neurotecheu.umh.es\/ca\/wp-json\/wp\/v2\/users\/24743"}],"replies":[{"embeddable":true,"href":"https:\/\/neurotecheu.umh.es\/ca\/wp-json\/wp\/v2\/comments?post=825"}],"version-history":[{"count":0,"href":"https:\/\/neurotecheu.umh.es\/ca\/wp-json\/wp\/v2\/posts\/825\/revisions"}],"wp:attachment":[{"href":"https:\/\/neurotecheu.umh.es\/ca\/wp-json\/wp\/v2\/media?parent=825"}],"wp:term":[{"taxonomy":"category","embeddable":true,"href":"https:\/\/neurotecheu.umh.es\/ca\/wp-json\/wp\/v2\/categories?post=825"},{"taxonomy":"post_tag","embeddable":true,"href":"https:\/\/neurotecheu.umh.es\/ca\/wp-json\/wp\/v2\/tags?post=825"}],"curies":[{"name":"wp","href":"https:\/\/api.w.org\/{rel}","templated":true}]}}