{"id":832,"date":"2024-11-07T12:08:05","date_gmt":"2024-11-07T11:08:05","guid":{"rendered":"https:\/\/neurotecheu.umh.es\/?p=832"},"modified":"2025-07-23T10:46:30","modified_gmt":"2025-07-23T08:46:30","slug":"la-umh-recibe-una-delegacion-de-la-universidad-de-medicina-y-farmacia-de-cluj-napoca-aliada-de-neurotecheu","status":"publish","type":"post","link":"https:\/\/neurotecheu.umh.es\/ca\/2024\/11\/07\/la-umh-recibe-una-delegacion-de-la-universidad-de-medicina-y-farmacia-de-cluj-napoca-aliada-de-neurotecheu\/","title":{"rendered":"La UMH rep una delegaci\u00f3 de la Universitat de Medicina y Farm\u00e0cia de Cluj-Napoca, membre de NeurotechEU"},"content":{"rendered":"<p><span style=\"font-weight: 400\"><img loading=\"lazy\" class=\" wp-image-836 alignright\" src=\"https:\/\/neurotecheu.umh.es\/files\/2024\/11\/IMG20241029131850-1024x578.jpg\" alt=\"Visita de Cluj a la UMH (NeurotechEU)\" width=\"349\" height=\"197\" srcset=\"https:\/\/neurotecheu.umh.es\/files\/2024\/11\/IMG20241029131850-1024x578.jpg 1024w, https:\/\/neurotecheu.umh.es\/files\/2024\/11\/IMG20241029131850-300x169.jpg 300w, https:\/\/neurotecheu.umh.es\/files\/2024\/11\/IMG20241029131850-768x433.jpg 768w, https:\/\/neurotecheu.umh.es\/files\/2024\/11\/IMG20241029131850-1536x866.jpg 1536w, https:\/\/neurotecheu.umh.es\/files\/2024\/11\/IMG20241029131850-2048x1155.jpg 2048w\" sizes=\"(max-width: 349px) 100vw, 349px\" \/><\/span>Amb motiu de refor\u00e7ar la cooperaci\u00f3 entre les universitats aliades de la Universitat Europea del Cervell i la Tecnologia-<span style=\"font-weight: 400\"><a href=\"https:\/\/theneurotech.eu\/\" target=\"_blank\" rel=\"noopener\">NeurotechEU<\/a><\/span>, les Doctores en Neurorrehabilitaci\u00f3n de la Universitat de Medicina i Farm\u00e0cia \u201cIuliu Ha\u021bieganu\u201d (<span style=\"font-weight: 400\"><a href=\"https:\/\/umfcluj.ro\/\" target=\"_blank\" rel=\"noopener\">UMF<\/a><\/span>) de Cluj-Napoca (Romania) \u2013universitat aliada de NeurotechEU\u2013, Rodica Ungur i Monica Borda i els residents de l&#8217;Hospital Universitari de Cluj Timea B\u0103r\u0103ian, Anca Gu\u021bu, Victor Labo, Mihaela Molnar i Andrada Maria Preda han visitat la Universitat Miguel Hern\u00e1ndez d&#8217;Elx (<span style=\"font-weight: 400\"><a href=\"https:\/\/www.umh.es\/\" target=\"_blank\" rel=\"noopener\">UMH<\/a><\/span>).<\/p>\n<p>En la seua visita han sigut rebuts pel vicerector d&#8217;Internacionalitzaci\u00f3 i Cooperaci\u00f3, Vicente Micol; la l\u00edder del projecte en la UMH i Directora de l&#8217;<span style=\"font-weight: 400\"><a href=\"https:\/\/in.umh-csic.es\/es\/\" target=\"_blank\" rel=\"noopener\">Instituto de Neuroci\u00e8ncies<\/a><\/span> (UMH-CSIC) Juana Gallar; la Directora del <a href=\"https:\/\/internacional.umh.es\/\" target=\"_blank\" rel=\"noopener\">Servici de Relacions Internacionals, Cooperaci\u00f3 al Desenrotllament i Voluntariat,<\/a> Inmaculada Blaya; l&#8217;investigador de l&#8217;<a href=\"https:\/\/i3e.umh.es\/\" target=\"_blank\" rel=\"noopener\">Institut d&#8217;Investigaci\u00f3 en Enginyeria d&#8217;Elx I3E-UMH<\/a>, involucrat en les activitats docents conjuntes de NeurotechEU, Jos\u00e9 Mar\u00eda Azor\u00edn; el Director de l&#8217;Institut d&#8217;Investigaci\u00f3, Desenrotllament i Innovaci\u00f3 en Biotecnologia Sanit\u00e0ria d&#8217;Elx (<a href=\"https:\/\/idibe.umh.es\/\" target=\"_blank\" rel=\"noopener\">IDiBE<\/a>), Antonio Ferrer Montiel; el Director del<a href=\"https:\/\/cyborg.umh.es\/\" target=\"_blank\" rel=\"noopener\"> Centre C\u00edborg<\/a> de la UMH Fernando Borr\u00e1s; i l&#8217;investigador de l&#8217;Institut de Neuroci\u00e8ncies (centre mixt de la UMH i del CSIC), tamb\u00e9 involucrat en les activitats docents de NeurotechEU, Santiago Canals.<\/p>\n<p>A m\u00e9s, durant la seua visita, la delegaci\u00f3 de la UMF han visitat<a href=\"https:\/\/www.gva.es\/es\/inicio\/atencion_ciudadano\/buscadores\/departamentos\/detalle_departamentos?id_dept=24894\" target=\"_blank\" rel=\"noopener\"> l&#8217;Hospital General Universitari Dr. Balmis d&#8217;Alacant<\/a>, on van ser rebuts pel seu Director M\u00e8dic, Luis Alberto Mena, i la Cap del Servici de Neurologia, Carmina D\u00edaz Mar\u00edn; i la Directora de l&#8217;Institut d&#8217;Investigaci\u00f3 Sanit\u00e0ria i Biom\u00e8dica d&#8217;Alacant (<a href=\"https:\/\/isabial.es\/\" target=\"_blank\" rel=\"noopener\">ISABIAL<\/a>), Cristina Alenda.&nbsp;<\/p>\n<p>D&#8217;altra banda, amb Vicente Micol i Inmaculada Blaya van con\u00e9ixer amb m\u00e9s detalle l&#8217;organitzaci\u00f3 de la UMH aix\u00ed com la seua implicaci\u00f3 en l&#8217;Alian\u00e7a Europea NeurotechEU. El que ha perm\u00e9s a les representants de la UMF estudiar una futura col\u00b7laboraci\u00f3 entre totes dues universitats en l&#8217;\u00e0rea de la tecnologia aplicada a la neurorrehabilitaci\u00f3.<\/p>\n<p>En la seua reuni\u00f3 amb Jos\u00e9 Mar\u00eda Azor\u00edn, est els ha ensenyat el <em>Brain-Machine Interface Systems Lab<\/em> de la UMH i alguns projectes en els quals estan treballant. A m\u00e9s, els visitants romanesos van poder fer una prova d&#8217;un \u2018videojoc\u2019 per a rehabilitaci\u00f3&nbsp; motora, desenrotllat pel doctorand de la UMH Vicente Quiles Zamora, basat en l&#8217;optimitzaci\u00f3 d&#8217;una interf\u00edcie cervell-computador que descodifica els senyals generats en el cervell mentres el subjecte imagina els moviments.<\/p>\n<p>En el IDiBE, van poder con\u00e9ixer als investigadors David Caba\u00f1ero, Enrique Barraj\u00f3n Catal\u00e0 i&nbsp; Mar\u00eda Herranz L\u00f3pez, els qui els van ensenyar les instal\u00b7lacions i alguns dels seus projectes. Per exemple, Caba\u00f1ero els va ensenyar com una bioimpresora 3D imprimia un model de pell humana que permet, per exemple, l&#8217;assaig de f\u00e0rmacs i cosm\u00e8tics.<\/p>\n<p>Per part seua, Fernando Borr\u00e1s i Juan Carlos Rodr\u00edguez els van ensenyar el Centre C\u00edborg on van poder veure com els estudiants es preparen per a situacions reals a les sales que simulen un hospital real. All\u00ed van con\u00e9ixer a Leonardo i a Miguel, els dos \u2018ninots\u2019 que interaccionen i reaccionen a les decisions diagn\u00f2stiques i terap\u00e8utiques de l&#8217;estudiantat de ci\u00e8ncies de la salut del campus de Sant Joan de la UMH.<\/p>\n<p>Finalment, la delegaci\u00f3 de la UMF va finalitzar la seua visita en l&#8217;Institut de Neuroci\u00e8ncies (UMH-CSIC). All\u00ed, De Santis i Eggl van presentar els seus treballs enfocats en el desenrotllament, l&#8217;optimitzaci\u00f3 i l&#8217;aplicaci\u00f3 de ferramentes innovadores d&#8217;imatge per resson\u00e0ncia magn\u00e8tica, no invasives i translacionals. Per part seua, Canals i Marcos van explicar com l&#8217;\u00fas de models animals i t\u00e8cniques avan\u00e7ades \u2013com la combinaci\u00f3 de t\u00e8cniques d&#8217;imatge per resson\u00e0ncia magn\u00e8tica funcional i registres electrofisiol\u00f2gics\u2013 els permet estudiar com es reorganitzen els circuits neuronals implicats en l&#8217;aprenentatge i la mem\u00f2ria.<\/p>\n<p>La Universitat Europea del Cervell i la Tecnologia NeurotechEU \u00e9s una alian\u00e7a de huit universitats europees amb un enfocament en la neuroci\u00e8ncia i la neurotecnolog\u00eda. Mitjan\u00e7ant la construcci\u00f3 d&#8217;una xarxa transeuropea d&#8217;excel\u00b7l\u00e8ncia en investigaci\u00f3 i tecnologies del cervell, NeurotechEU augmenta la competitivitat de l&#8217;educaci\u00f3, la investigaci\u00f3, l&#8217;economia i la societat europea. Esta alian\u00e7a est\u00e0 composta, a m\u00e9s de la UMH, per la Universitat Radboud (Pa\u00efsos Baixos), l&#8217;Institut Karolinska (Su\u00e8cia), la Universitat de Bonn (Alemanya), la Universitat del B\u00f2sfor (Turquia), la Universitat de Medicina i Farm\u00e0cia \u201cIuliu Hatieganu\u201d (Romania), la Universitat de Lilla (Fran\u00e7a) i la Universitat de Reykjav\u00edk (Isl\u00e0ndia). Esta trobada ha sigut organitzat per la responsable de NeurotechEU en la UMH, Juana Gallar.<\/p>\n<p>\n\n\t<div class='ngg-imagebrowser default-view'\n         id='ngg-imagebrowser-2face6bf1a542e1bdc5e39a9d3ae20a5-832'\n         data-nextgen-gallery-id=\"2face6bf1a542e1bdc5e39a9d3ae20a5\">\n\n        <h3>Visita UMF a UMH 2024<\/h3>\n\n\t\t<div id=\"ngg-image-0\" class=\"pic\" >\n        \n        <a href='https:\/\/neurotecheu.umh.es\/wp-content\/uploads\/sites\/3845\/nggallery\/visita-cluj-a-umh\/IMG20241029114905-1.JPG'\n           title=' '\n           data-src=\"https:\/\/neurotecheu.umh.es\/wp-content\/uploads\/sites\/3845\/nggallery\/visita-cluj-a-umh\/IMG20241029114905-1.JPG\"\n           data-thumbnail=\"https:\/\/neurotecheu.umh.es\/wp-content\/uploads\/sites\/3845\/nggallery\/visita-cluj-a-umh\/thumbs\/thumbs_IMG20241029114905-1.JPG\"\n           data-image-id=\"47\"\n           data-title=\"Visita UMF a UMH 2024\"\n           data-description=\" \"\n           class=\"ngg-simplelightbox\" rel=\"2face6bf1a542e1bdc5e39a9d3ae20a5\">\n            <img title='Visita UMF a UMH 2024'\n                 alt='Visita UMF a UMH 2024'\n                 src='https:\/\/neurotecheu.umh.es\/wp-content\/uploads\/sites\/3845\/nggallery\/visita-cluj-a-umh\/IMG20241029114905-1.JPG'\/>\n        <\/a>\n\t    \n        <\/div> \n\n        <div class='ngg-imagebrowser-nav'>\n\n            <div class='back'>\n                <a class='ngg-browser-prev'\n                   id='ngg-prev-62'\n                   href='https:\/\/neurotecheu.umh.es\/ca\/2024\/11\/07\/la-umh-recibe-una-delegacion-de-la-universidad-de-medicina-y-farmacia-de-cluj-napoca-aliada-de-neurotecheu\/nggallery\/image\/img_6377\/'>\n                    <i class=\"fa fa-chevron-left\" aria-hidden=\"true\"><\/i>\n                <\/a>\n            <\/div>\n\n            <div class='next'>\n                <a class='ngg-browser-next'\n                   id='ngg-next-50'\n                   href='https:\/\/neurotecheu.umh.es\/ca\/2024\/11\/07\/la-umh-recibe-una-delegacion-de-la-universidad-de-medicina-y-farmacia-de-cluj-napoca-aliada-de-neurotecheu\/nggallery\/image\/img20241029120537-1\/'>\n                    <i class=\"fa fa-chevron-right\" aria-hidden=\"true\"><\/i>\n                <\/a>\n            <\/div>\n\n            <div class='counter'>\n                Image                1                of                6            <\/div>\n\n            <div class='ngg-imagebrowser-desc'>\n                <p> <\/p>\n            <\/div>\n\n        <\/div>\n    <\/div>\n\n<\/p>","protected":false},"excerpt":{"rendered":"<p>Amb motiu de refor\u00e7ar la cooperaci\u00f3 entre les universitats aliades de la Universitat Europea del Cervell i la Tecnologia-NeurotechEU, les Doctores en Neurorrehabilitaci\u00f3n de la Universitat de Medicina i Farm\u00e0cia \u201cIuliu Ha\u021bieganu\u201d (UMF) de Cluj-Napoca (Romania) \u2013universitat aliada de NeurotechEU\u2013, Rodica Ungur i Monica Borda i els residents de l&#8217;Hospital Universitari de Cluj Timea B\u0103r\u0103ian, [&#8230;]<\/p>\n","protected":false},"author":24743,"featured_media":0,"comment_status":"closed","ping_status":"open","sticky":false,"template":"","format":"standard","meta":{"ngg_post_thumbnail":0,"_links_to":"","_links_to_target":""},"categories":[23],"tags":[],"_links":{"self":[{"href":"https:\/\/neurotecheu.umh.es\/ca\/wp-json\/wp\/v2\/posts\/832"}],"collection":[{"href":"https:\/\/neurotecheu.umh.es\/ca\/wp-json\/wp\/v2\/posts"}],"about":[{"href":"https:\/\/neurotecheu.umh.es\/ca\/wp-json\/wp\/v2\/types\/post"}],"author":[{"embeddable":true,"href":"https:\/\/neurotecheu.umh.es\/ca\/wp-json\/wp\/v2\/users\/24743"}],"replies":[{"embeddable":true,"href":"https:\/\/neurotecheu.umh.es\/ca\/wp-json\/wp\/v2\/comments?post=832"}],"version-history":[{"count":0,"href":"https:\/\/neurotecheu.umh.es\/ca\/wp-json\/wp\/v2\/posts\/832\/revisions"}],"wp:attachment":[{"href":"https:\/\/neurotecheu.umh.es\/ca\/wp-json\/wp\/v2\/media?parent=832"}],"wp:term":[{"taxonomy":"category","embeddable":true,"href":"https:\/\/neurotecheu.umh.es\/ca\/wp-json\/wp\/v2\/categories?post=832"},{"taxonomy":"post_tag","embeddable":true,"href":"https:\/\/neurotecheu.umh.es\/ca\/wp-json\/wp\/v2\/tags?post=832"}],"curies":[{"name":"wp","href":"https:\/\/api.w.org\/{rel}","templated":true}]}}