{"id":869,"date":"2024-11-20T09:26:33","date_gmt":"2024-11-20T08:26:33","guid":{"rendered":"https:\/\/neurotecheu.umh.es\/?p=869"},"modified":"2025-07-23T10:46:10","modified_gmt":"2025-07-23T08:46:10","slug":"la-universidad-europea-del-cerebro-y-la-tecnologia-neurotecheu-celebra-su-viii-consejo-de-rectores","status":"publish","type":"post","link":"https:\/\/neurotecheu.umh.es\/ca\/2024\/11\/20\/la-universidad-europea-del-cerebro-y-la-tecnologia-neurotecheu-celebra-su-viii-consejo-de-rectores\/","title":{"rendered":"La Universitat Europea del Cervell i la Tecnologia, NeurotechEU, celebra el VIII Consell de Rectors"},"content":{"rendered":"<p><span style=\"font-weight: 400\"><img loading=\"lazy\" class=\"wp-image-872 alignright\" src=\"https:\/\/neurotecheu.umh.es\/files\/2024\/11\/AYT04906-1-1024x683.jpg\" alt=\"VIII Board of Rectors of NeurotechEU\" width=\"321\" height=\"214\" srcset=\"https:\/\/neurotecheu.umh.es\/files\/2024\/11\/AYT04906-1-1024x683.jpg 1024w, https:\/\/neurotecheu.umh.es\/files\/2024\/11\/AYT04906-1-300x200.jpg 300w, https:\/\/neurotecheu.umh.es\/files\/2024\/11\/AYT04906-1-768x512.jpg 768w, https:\/\/neurotecheu.umh.es\/files\/2024\/11\/AYT04906-1-1536x1024.jpg 1536w, https:\/\/neurotecheu.umh.es\/files\/2024\/11\/AYT04906-1-2048x1365.jpg 2048w\" sizes=\"(max-width: 321px) 100vw, 321px\" \/><\/span>Amb l&#8217;objectiu de consolidar la integraci\u00f3 de la Universitat Europea del Cervell i la Tecnologia \u2013NeurotechEU, la universitat membre d&#8217;esta alian\u00e7a europea, la <em>Bo\u011fazi\u00e7i University<\/em> (Turquia) ha organitzat el segon Consell de Rectors del 2024 a Istanbul. La Universitat Miguel Hern\u00e1ndez d&#8217;Elx (UMH) ha acudit representada pel vicerector d&#8217;Internacionalitzaci\u00f3 i Cooperaci\u00f3, Vicente Micol i la l\u00edder del projecte en la UMH i directora de l&#8217;Institut de Neuroci\u00e8ncies (UMH-CSIC) Juana Gallar.<\/p>\n<p>Micol i Gallar han sigut acompanyats per la directora del Servici de Relacions Internacionals, Cooperaci\u00f3 al Desenrotllament i Voluntariat, Inmaculada Blaya, membre del Consell de Govern de l&#8217;Alian\u00e7a NeurotechEU. Per part seua, la directora del Centre d&#8217;Investigaci\u00f3 Translacional en Fisioter\u00e0pia, Maria del Carmen Lillo, ha assistit com a participant activa en el paquet de treball dedicat a promoure l&#8217;apoderament dels estudiants i del personal.<\/p>\n<p>A m\u00e9s, han acudit a la trobada entre universitats el delegat del rector de Campus Saludables i integrant del grup de treball sobre la igualtat d&#8217;oportunitats i la integraci\u00f3, Ra\u00fal Reina; el delegat del rector per a la Transformaci\u00f3 Digital, Federico Botella, membre actiu del grup de treball per a la plataforma educativa Campus+ de NeurotechEU; el vicerector adjunt de Posicionament Institucional i R\u00e0nquings, Jos\u00e9 Manuel Blanes, membre del paquet de treball que promou la mobilitat entre les universitats s\u00f2cies de l&#8217;alian\u00e7a; i l&#8217;investigador del<em> Brain Machine Interface Systems<\/em> laboratori de la UMH, Eduardo I\u00e1\u00f1ez, participant en el grup de treball dedicat al desenrotllament del programa acad\u00e8mic en neurotecnologia de l&#8217;alian\u00e7a. Tamb\u00e9 han acudit al Consell de Rectors les gestores del projecte, Maria Jos\u00e9 Such, experta en assegurament de la qualitat, i Sonia Mart\u00edn, aix\u00ed com la t\u00e8cnica de comunicaci\u00f3 J\u00falia Santacreu.<\/p>\n<p>Paral\u00b7lelament s&#8217;ha celebrat la segona edici\u00f3 del <em>Hackathon<\/em> de NeurotechEU, en el qual han participat Desir\u00e9e Garcia, representant del <em>Student Council<\/em> de la UMH en NeurotechEU, i la guanyadora del<em> 3-MinuteThesis Competition<\/em> de la UMH,<span style=\"font-weight: 400\"> Jesica Mart\u00ednez<\/span>.<\/p>\n<p>L&#8217;alian\u00e7a europea NeurotechEU busca aportar a la comunitat cient\u00edfica un centre d&#8217;educaci\u00f3 superior i investigaci\u00f3 centrat en la neurotecnologia, amb l&#8217;objectiu de posar soluci\u00f3 a problemes de salut relacionats amb la neuroci\u00e8ncia i la salut mental mitjan\u00e7ant tecnologies assequibles. A m\u00e9s de la UMH, l&#8217;alian\u00e7a NeurotechEU est\u00e0 formada per altres set universitats: la Universitat de Radboud (Pa\u00efsos Baixos), l&#8217;Institut Karolinska (Su\u00e8cia), la Universitat de Bonn (Alemanya), la Universitat del B\u00f2sfor (Turquia), Universitat de Medicina i Farm\u00e0cia Iuliu Hatieganu a Cluj-Napoca (Romania), la Universitat de Lilla (Fran\u00e7a) i la Universitat de Reykjav\u00edk (Isl\u00e0ndia).<\/p>\n<p>\n\n\t<div class='ngg-imagebrowser default-view'\n         id='ngg-imagebrowser-5226f30d6279cff57306ddcc2112d0a9-869'\n         data-nextgen-gallery-id=\"5226f30d6279cff57306ddcc2112d0a9\">\n\n        <h3>VIII Board of Rectors NeurotechEU<\/h3>\n\n\t\t<div id=\"ngg-image-0\" class=\"pic\" >\n        \n        <a href='https:\/\/neurotecheu.umh.es\/wp-content\/uploads\/sites\/3845\/nggallery\/viii-board-of-rectors\/WhatsApp-Image-2024-11-13-at-8.08.31-AM.jpeg'\n           title=' '\n           data-src=\"https:\/\/neurotecheu.umh.es\/wp-content\/uploads\/sites\/3845\/nggallery\/viii-board-of-rectors\/WhatsApp-Image-2024-11-13-at-8.08.31-AM.jpeg\"\n           data-thumbnail=\"https:\/\/neurotecheu.umh.es\/wp-content\/uploads\/sites\/3845\/nggallery\/viii-board-of-rectors\/thumbs\/thumbs_WhatsApp-Image-2024-11-13-at-8.08.31-AM.jpeg\"\n           data-image-id=\"64\"\n           data-title=\"VIII Board of Rectors NeurotechEU\"\n           data-description=\" \"\n           class=\"ngg-simplelightbox\" rel=\"5226f30d6279cff57306ddcc2112d0a9\">\n            <img title='VIII Board of Rectors NeurotechEU'\n                 alt='VIII Board of Rectors NeurotechEU'\n                 src='https:\/\/neurotecheu.umh.es\/wp-content\/uploads\/sites\/3845\/nggallery\/viii-board-of-rectors\/WhatsApp-Image-2024-11-13-at-8.08.31-AM.jpeg'\/>\n        <\/a>\n\t    \n        <\/div> \n\n        <div class='ngg-imagebrowser-nav'>\n\n            <div class='back'>\n                <a class='ngg-browser-prev'\n                   id='ngg-prev-97'\n                   href='https:\/\/neurotecheu.umh.es\/ca\/2024\/11\/20\/la-universidad-europea-del-cerebro-y-la-tecnologia-neurotecheu-celebra-su-viii-consejo-de-rectores\/nggallery\/image\/ayt04906-1\/'>\n                    <i class=\"fa fa-chevron-left\" aria-hidden=\"true\"><\/i>\n                <\/a>\n            <\/div>\n\n            <div class='next'>\n                <a class='ngg-browser-next'\n                   id='ngg-next-67'\n                   href='https:\/\/neurotecheu.umh.es\/ca\/2024\/11\/20\/la-universidad-europea-del-cerebro-y-la-tecnologia-neurotecheu-celebra-su-viii-consejo-de-rectores\/nggallery\/image\/whatsapp-image-2024-11-13-at-11-18-00-am\/'>\n                    <i class=\"fa fa-chevron-right\" aria-hidden=\"true\"><\/i>\n                <\/a>\n            <\/div>\n\n            <div class='counter'>\n                Image                1                of                12            <\/div>\n\n            <div class='ngg-imagebrowser-desc'>\n                <p> <\/p>\n            <\/div>\n\n        <\/div>\n    <\/div>\n\n<\/p>","protected":false},"excerpt":{"rendered":"<p>Amb l&#8217;objectiu de consolidar la integraci\u00f3 de la Universitat Europea del Cervell i la Tecnologia \u2013NeurotechEU, la universitat membre d&#8217;esta alian\u00e7a europea, la Bo\u011fazi\u00e7i University (Turquia) ha organitzat el segon Consell de Rectors del 2024 a Istanbul. La Universitat Miguel Hern\u00e1ndez d&#8217;Elx (UMH) ha acudit representada pel vicerector d&#8217;Internacionalitzaci\u00f3 i Cooperaci\u00f3, Vicente Micol i la [&#8230;]<\/p>\n","protected":false},"author":24743,"featured_media":0,"comment_status":"closed","ping_status":"open","sticky":false,"template":"","format":"standard","meta":{"ngg_post_thumbnail":0,"_links_to":"","_links_to_target":""},"categories":[23],"tags":[],"_links":{"self":[{"href":"https:\/\/neurotecheu.umh.es\/ca\/wp-json\/wp\/v2\/posts\/869"}],"collection":[{"href":"https:\/\/neurotecheu.umh.es\/ca\/wp-json\/wp\/v2\/posts"}],"about":[{"href":"https:\/\/neurotecheu.umh.es\/ca\/wp-json\/wp\/v2\/types\/post"}],"author":[{"embeddable":true,"href":"https:\/\/neurotecheu.umh.es\/ca\/wp-json\/wp\/v2\/users\/24743"}],"replies":[{"embeddable":true,"href":"https:\/\/neurotecheu.umh.es\/ca\/wp-json\/wp\/v2\/comments?post=869"}],"version-history":[{"count":0,"href":"https:\/\/neurotecheu.umh.es\/ca\/wp-json\/wp\/v2\/posts\/869\/revisions"}],"wp:attachment":[{"href":"https:\/\/neurotecheu.umh.es\/ca\/wp-json\/wp\/v2\/media?parent=869"}],"wp:term":[{"taxonomy":"category","embeddable":true,"href":"https:\/\/neurotecheu.umh.es\/ca\/wp-json\/wp\/v2\/categories?post=869"},{"taxonomy":"post_tag","embeddable":true,"href":"https:\/\/neurotecheu.umh.es\/ca\/wp-json\/wp\/v2\/tags?post=869"}],"curies":[{"name":"wp","href":"https:\/\/api.w.org\/{rel}","templated":true}]}}