{"id":959,"date":"2025-01-15T14:15:48","date_gmt":"2025-01-15T13:15:48","guid":{"rendered":"https:\/\/neurotecheu.umh.es\/?p=959"},"modified":"2025-07-23T11:16:49","modified_gmt":"2025-07-23T09:16:49","slug":"workshop-on-how-to-write-a-good-cv-and-motivation-letter","status":"publish","type":"post","link":"https:\/\/neurotecheu.umh.es\/ca\/2025\/01\/15\/workshop-on-how-to-write-a-good-cv-and-motivation-letter\/","title":{"rendered":"Workshop on \u201cHow to Write a Good CV and Motivation Letter\u201d"},"content":{"rendered":"<p><img loading=\"lazy\" class=\"wp-image-965 alignright\" src=\"https:\/\/neurotecheu.umh.es\/files\/2025\/01\/CV_Workshop_Square_UMH_-1024x1024.png\" alt=\"\" width=\"219\" height=\"219\" srcset=\"https:\/\/neurotecheu.umh.es\/files\/2025\/01\/CV_Workshop_Square_UMH_-1024x1024.png 1024w, https:\/\/neurotecheu.umh.es\/files\/2025\/01\/CV_Workshop_Square_UMH_-300x300.png 300w, https:\/\/neurotecheu.umh.es\/files\/2025\/01\/CV_Workshop_Square_UMH_-150x150.png 150w, https:\/\/neurotecheu.umh.es\/files\/2025\/01\/CV_Workshop_Square_UMH_-768x768.png 768w, https:\/\/neurotecheu.umh.es\/files\/2025\/01\/CV_Workshop_Square_UMH_.png 1080w\" sizes=\"(max-width: 219px) 100vw, 219px\" \/><\/p>\n<p>L&#8217;Observatori Ocupacional de la Universitat Miguel Hern\u00e1ndez d&#8217;Elx (UMH) i el UMH <em>Synapses Club<\/em> de la Universitat Europea del Cervell i la Tecnologia \u2013NeurotechEU\u2013 han organitzat el taller &#8220;How to Write a Good CV and Motivation Letter&#8221;.<\/p>\n<p>El taller es dur\u00e0 a terme en l\u00ednia el 13 de febrer de 2025. L&#8217;objectiu \u00e9s proporcionar als estudiants consells i exemples sobre com redactar els seus CVs i cartes de motivaci\u00f3, documents que solen ser requerits. Els assistents tamb\u00e9 tindran l&#8217;oportunitat de dialogar amb experts en mobilitat de l&#8217;Alian\u00e7a en este \u00e0mbit.<\/p>\n<p><a href=\"https:\/\/drive.google.com\/drive\/folders\/1L8TsnpxPu65mXpLNkiDhMfsRQjUwPkU9?usp=sharing\">Pots consultar el programa del taller ac\u00ed.<\/a><\/p>\n<p>Els interessats a assistir han de completar este formulari: <a href=\"https:\/\/docs.google.com\/forms\/d\/e\/1FAIpQLSdVZYjbE8XYfHexijqBZn4tBjbCoGNib3pjYOabnxAt6NNdIg\/viewform\">CV i carta de motivaci\u00f3 &#8211; Taller.<\/a> La data l\u00edmit per a inscriure&#8217;s \u00e9s el 6 de febrer.<\/p>\n<p>Esta activitat \u00e9s per a membres de NeurotechEU. No hi ha l\u00edmit de places.<\/p>\n<p>Per a qualsevol altra consulta, pots contactar-nos en neurotecheu@umh.es.&nbsp;<\/p>","protected":false},"excerpt":{"rendered":"<p>L&#8217;Observatori Ocupacional de la Universitat Miguel Hern\u00e1ndez d&#8217;Elx (UMH) i el UMH Synapses Club de la Universitat Europea del Cervell i la Tecnologia \u2013NeurotechEU\u2013 han organitzat el taller &#8220;How to Write a Good CV and Motivation Letter&#8221;.<br \/>\nEl taller es dur\u00e0 a terme en l\u00ednia el 13 de febrer de 2025. L&#8217;objectiu \u00e9s proporcionar als estudiants [&#8230;]<\/p>\n","protected":false},"author":24743,"featured_media":0,"comment_status":"closed","ping_status":"open","sticky":false,"template":"","format":"standard","meta":{"ngg_post_thumbnail":0,"_links_to":"","_links_to_target":""},"categories":[367229,1459918],"tags":[],"_links":{"self":[{"href":"https:\/\/neurotecheu.umh.es\/ca\/wp-json\/wp\/v2\/posts\/959"}],"collection":[{"href":"https:\/\/neurotecheu.umh.es\/ca\/wp-json\/wp\/v2\/posts"}],"about":[{"href":"https:\/\/neurotecheu.umh.es\/ca\/wp-json\/wp\/v2\/types\/post"}],"author":[{"embeddable":true,"href":"https:\/\/neurotecheu.umh.es\/ca\/wp-json\/wp\/v2\/users\/24743"}],"replies":[{"embeddable":true,"href":"https:\/\/neurotecheu.umh.es\/ca\/wp-json\/wp\/v2\/comments?post=959"}],"version-history":[{"count":0,"href":"https:\/\/neurotecheu.umh.es\/ca\/wp-json\/wp\/v2\/posts\/959\/revisions"}],"wp:attachment":[{"href":"https:\/\/neurotecheu.umh.es\/ca\/wp-json\/wp\/v2\/media?parent=959"}],"wp:term":[{"taxonomy":"category","embeddable":true,"href":"https:\/\/neurotecheu.umh.es\/ca\/wp-json\/wp\/v2\/categories?post=959"},{"taxonomy":"post_tag","embeddable":true,"href":"https:\/\/neurotecheu.umh.es\/ca\/wp-json\/wp\/v2\/tags?post=959"}],"curies":[{"name":"wp","href":"https:\/\/api.w.org\/{rel}","templated":true}]}}