{"id":974,"date":"2024-12-19T13:05:04","date_gmt":"2024-12-19T12:05:04","guid":{"rendered":"https:\/\/neurotecheu.umh.es\/?p=974"},"modified":"2025-07-23T11:18:41","modified_gmt":"2025-07-23T09:18:41","slug":"la-umh-ha-celebrado-la-escuela-de-invierno-de-neurotecheu-sobre-neurotecnologia-la-inteligencia-artificial-y-sus-bases-legales-y-eticas","status":"publish","type":"post","link":"https:\/\/neurotecheu.umh.es\/ca\/2024\/12\/19\/la-umh-ha-celebrado-la-escuela-de-invierno-de-neurotecheu-sobre-neurotecnologia-la-inteligencia-artificial-y-sus-bases-legales-y-eticas\/","title":{"rendered":"La UMH ha celebrado l&#8217;Escola d&#8217;Hivern NeurotechEU sobre neurotecnolog\u00eda, la Inteligencia Artificial i les seues bases legals i \u00e8tiques"},"content":{"rendered":"<p><span style=\"font-weight: 400\"><img loading=\"lazy\" class=\"wp-image-977 alignright\" src=\"https:\/\/neurotecheu.umh.es\/files\/2025\/01\/grupo-1024x683.png\" alt=\"\" width=\"455\" height=\"304\" srcset=\"https:\/\/neurotecheu.umh.es\/files\/2025\/01\/grupo-1024x683.png 1024w, https:\/\/neurotecheu.umh.es\/files\/2025\/01\/grupo-300x200.png 300w, https:\/\/neurotecheu.umh.es\/files\/2025\/01\/grupo-768x512.png 768w, https:\/\/neurotecheu.umh.es\/files\/2025\/01\/grupo-1536x1024.png 1536w, https:\/\/neurotecheu.umh.es\/files\/2025\/01\/grupo-2048x1365.png 2048w\" sizes=\"(max-width: 455px) 100vw, 455px\" \/><\/span>La Universitat Miguel Hern\u00e1ndez d&#8217;Elx (UMH), membre de la Universitat Europea del Cervell i la Tecnologia (NeuortechEU), ha organitzat la <em>Winter School on: \u201cChallenges and risks of neuroscience and neurotechnology in times of Artificial Intelligence\u201d<\/em> i la <em>Summit<\/em> sobre la dimensi\u00f3 8 de NeurotechEU: la neurometaf\u00edsica. Este esdeveniment va reunir a al voltant de 40 assistents interessats a explorar els complexos creus entre neuroci\u00e8ncia, neurotecnolog\u00eda i intel\u00b7lig\u00e8ncia artificial, abordats des de perspectives \u00e8tiques i legals.<\/p>\n<p>Els assistents van ser rebuts pel Vicerector d&#8217;Internacionalitzaci\u00f3 i Cooperaci\u00f3, Vicente Micol i pel director del Centre Cr\u00edmina de la UMH i organitzador de l&#8217;Escola d&#8217;HIivern, Fernando Mir\u00f3 Llinares.<\/p>\n<p>Durant els tres dies, estudiants i investigadors de diferents \u00e0rees i perfils van assistir a les pon\u00e8ncies de van trobar figures expertes i de renom com Roberto Andorno, Mar\u00eda Isabel Gonz\u00e1lez Tapia, Francisco Javier Castro, Ann\u00edbal Astobiza, Eduardo Demetrio i Emilio Jos\u00e9 Armaza. L&#8217;Escola d&#8217;Hivern va servir com espai per a explorar els complexos creus entre neuroci\u00e8ncia, neurotecnolog\u00eda i intel\u00b7lig\u00e8ncia artificial, abordats des de perspectives \u00e8tiques i legals.<\/p>\n<p>El curs es va centrar en analitzar com estes disciplines impacten en els drets humans i la societat. Els participants van tindre l&#8217;oportunitat d&#8217;aprendre sobre temes com l&#8217;\u00e8tica de la intel\u00b7lig\u00e8ncia artificial, els neuroderechos, i les implicacions legals i socials de les neuroci\u00e8ncies aplicades. A m\u00e9s, es van discutir els riscos associats amb la integraci\u00f3 de la intel\u00b7lig\u00e8ncia artificial en este camp. La diversitat d&#8217;enfocaments va enriquir el debat gr\u00e0cies a la participaci\u00f3 d&#8217;experts destacats en bio\u00e8tica, filosofia, dret i tecnologia.<\/p>\n<p>NeurotechEU \u00e9s una alian\u00e7a finan\u00e7ada pel programa ERASMUS+ de la Uni\u00f3 Europea i el Ministeri d&#8217;Universitats del Govern d&#8217;Espanya. Per part de la UMH, la iniciativa aglutina a professors i investigadors de les \u00e0rees de neuroci\u00e8ncies i la neurotecnolog\u00eda, amb el suport de t\u00e8cnics del Servici de Relacions Internacionals i el Vicerectorat Internacionalitzaci\u00f3 i Cooperaci\u00f3 de la UMH. A m\u00e9s de la UMH, les universitats associades s\u00f3n Radboud Universiteit (Pa\u00efsos Baixos), Karolinska Institutet (Su\u00e8cia), Rheinische Friedrich-Wilhelms-Univerist\u00e4t Bonn (Alemanya), Bo\u011fazi\u00e7i \u00dcniversitesi (Turquia), Universitatea de Medicin\u0103 \u0219i Farmacie din Cluj-Napoca (Romania), Universit\u00e9 de Lilla (Fran\u00e7a) i H\u00e1sk\u00f3linn \u00ed Reykjav\u00edk (Isl\u00e0ndia).&nbsp;<\/p>","protected":false},"excerpt":{"rendered":"<p>La Universitat Miguel Hern\u00e1ndez d&#8217;Elx (UMH), membre de la Universitat Europea del Cervell i la Tecnologia (NeuortechEU), ha organitzat la Winter School on: \u201cChallenges and risks of neuroscience and neurotechnology in times of Artificial Intelligence\u201d i la Summit sobre la dimensi\u00f3 8 de NeurotechEU: la neurometaf\u00edsica. Este esdeveniment va reunir a al voltant de 40 [&#8230;]<\/p>\n","protected":false},"author":24743,"featured_media":0,"comment_status":"closed","ping_status":"open","sticky":false,"template":"","format":"standard","meta":{"ngg_post_thumbnail":0,"_links_to":"","_links_to_target":""},"categories":[23],"tags":[],"_links":{"self":[{"href":"https:\/\/neurotecheu.umh.es\/ca\/wp-json\/wp\/v2\/posts\/974"}],"collection":[{"href":"https:\/\/neurotecheu.umh.es\/ca\/wp-json\/wp\/v2\/posts"}],"about":[{"href":"https:\/\/neurotecheu.umh.es\/ca\/wp-json\/wp\/v2\/types\/post"}],"author":[{"embeddable":true,"href":"https:\/\/neurotecheu.umh.es\/ca\/wp-json\/wp\/v2\/users\/24743"}],"replies":[{"embeddable":true,"href":"https:\/\/neurotecheu.umh.es\/ca\/wp-json\/wp\/v2\/comments?post=974"}],"version-history":[{"count":0,"href":"https:\/\/neurotecheu.umh.es\/ca\/wp-json\/wp\/v2\/posts\/974\/revisions"}],"wp:attachment":[{"href":"https:\/\/neurotecheu.umh.es\/ca\/wp-json\/wp\/v2\/media?parent=974"}],"wp:term":[{"taxonomy":"category","embeddable":true,"href":"https:\/\/neurotecheu.umh.es\/ca\/wp-json\/wp\/v2\/categories?post=974"},{"taxonomy":"post_tag","embeddable":true,"href":"https:\/\/neurotecheu.umh.es\/ca\/wp-json\/wp\/v2\/tags?post=974"}],"curies":[{"name":"wp","href":"https:\/\/api.w.org\/{rel}","templated":true}]}}