{"id":998,"date":"2025-01-24T10:21:14","date_gmt":"2025-01-24T09:21:14","guid":{"rendered":"https:\/\/neurotecheu.umh.es\/?p=998"},"modified":"2025-07-28T12:13:48","modified_gmt":"2025-07-28T10:13:48","slug":"ru-summer-school-entrepreneurship-in-neuroscience-and-neurotechnology-online","status":"publish","type":"post","link":"https:\/\/neurotecheu.umh.es\/ca\/2025\/01\/24\/ru-summer-school-entrepreneurship-in-neuroscience-and-neurotechnology-online\/","title":{"rendered":"ACTUALITZACI\u00d3: RU Summer School: Entrepreneurship in Neuroscience and Neurotechnology (Online)"},"content":{"rendered":"<p><span style=\"font-weight: 400\"><img loading=\"lazy\" class=\" wp-image-1004 alignright\" src=\"https:\/\/neurotecheu.umh.es\/files\/2025\/01\/RU_2025_SummerSchool-1-1024x1024.png\" alt=\"\" width=\"272\" height=\"272\" srcset=\"https:\/\/neurotecheu.umh.es\/files\/2025\/01\/RU_2025_SummerSchool-1-1024x1024.png 1024w, https:\/\/neurotecheu.umh.es\/files\/2025\/01\/RU_2025_SummerSchool-1-300x300.png 300w, https:\/\/neurotecheu.umh.es\/files\/2025\/01\/RU_2025_SummerSchool-1-150x150.png 150w, https:\/\/neurotecheu.umh.es\/files\/2025\/01\/RU_2025_SummerSchool-1-768x768.png 768w, https:\/\/neurotecheu.umh.es\/files\/2025\/01\/RU_2025_SummerSchool-1.png 1080w\" sizes=\"(max-width: 272px) 100vw, 272px\" \/><\/span><\/p>\n<p>La Universitat de Radboud i la Universitat Europea del Cervell i la Technologia \u2013NeurotechEU\u2013 organitzen la <em>Summer School on &#8220;Entrepreneurship in Neuroscience and Neurotechnology&#8221;, <\/em>que tindr\u00e1 lloc del 23 al 27 de juny de 2025.<\/p>\n<p>Este curs est\u00e0 dissenyat per a estudiants de grau, m\u00e0ster, doctorat i postdoctorat en camps relacionats amb la neuroci\u00e8ncia, interessats a aprendre com les idees poden convertir-se en oportunitats de negoci o altres accions emprenedores.<\/p>\n<p>Els participants adquiriran coneixements sobre el panorama emprenedor, aprendran a aplicar estrat\u00e8gies empresarials clau i exploraran vies de comercialitzaci\u00f3. A m\u00e9s, els assistents rebran un certificat Edubadges amb micro-credencials.&nbsp;<\/p>\n<ul>\n<li><strong>Data<\/strong>: del 23 al 27 de juny de 2025<\/li>\n<li><strong>Universitat amfitriona:<\/strong> Universitat de Radboud (RU, Pa\u00efsos Baixos)<\/li>\n<li><strong>Termini de preinscripci\u00f3<\/strong>: <span style=\"color: #800000\"><span style=\"font-weight: 400\">&nbsp;<\/span><b>la preinscripci\u00f3 podr\u00e0 realitzar-se fins al 7 de maig del 2025 a las 23:59 h (CEST)<\/b><\/span><\/li>\n<li><strong>Cost:<\/strong> 400 \u20ac<\/li>\n<li><strong>Modalitat:<\/strong> En l\u00ednia<\/li>\n<li><b>Places<\/b><span style=\"font-weight: 400\">:<\/span><span style=\"color: #800000\"><b> La universitat organitzadora ofereix a la comunitat UMH&nbsp; fins a 3 places gratu\u00eftes per a esta Escola d\u2019Estiu en l\u00ednia.&nbsp;<\/b><\/span><\/li>\n<\/ul>\n<p><b><span style=\"color: #800000\">Per a sol\u00b7licitar una de eixes places has de seguir el procediment de la Universitat Miguel Hern\u00e1ndez d\u2019Elx:<\/span> \u201c<\/b><a href=\"https:\/\/neurotecheu.umh.es\/ca\/movilidad-umh\/como-solicitar-plaza-a-traves-de-la-umh\/\"><b>Com sol\u00b7licitar pla\u00e7a a trav\u00e9s de la UMH<\/b><\/a><b>\u201d<\/b><\/p>","protected":false},"excerpt":{"rendered":"<p>La Universitat de Radboud i la Universitat Europea del Cervell i la Technologia \u2013NeurotechEU\u2013 organitzen la Summer School on &#8220;Entrepreneurship in Neuroscience and Neurotechnology&#8221;, que tindr\u00e1 lloc del 23 al 27 de juny de 2025.<br \/>\nEste curs est\u00e0 dissenyat per a estudiants de grau, m\u00e0ster, doctorat i postdoctorat en camps relacionats amb la neuroci\u00e8ncia, interessats a [&#8230;]<\/p>\n","protected":false},"author":24743,"featured_media":0,"comment_status":"closed","ping_status":"open","sticky":false,"template":"","format":"standard","meta":{"ngg_post_thumbnail":0,"_links_to":"","_links_to_target":""},"categories":[3747],"tags":[],"_links":{"self":[{"href":"https:\/\/neurotecheu.umh.es\/ca\/wp-json\/wp\/v2\/posts\/998"}],"collection":[{"href":"https:\/\/neurotecheu.umh.es\/ca\/wp-json\/wp\/v2\/posts"}],"about":[{"href":"https:\/\/neurotecheu.umh.es\/ca\/wp-json\/wp\/v2\/types\/post"}],"author":[{"embeddable":true,"href":"https:\/\/neurotecheu.umh.es\/ca\/wp-json\/wp\/v2\/users\/24743"}],"replies":[{"embeddable":true,"href":"https:\/\/neurotecheu.umh.es\/ca\/wp-json\/wp\/v2\/comments?post=998"}],"version-history":[{"count":0,"href":"https:\/\/neurotecheu.umh.es\/ca\/wp-json\/wp\/v2\/posts\/998\/revisions"}],"wp:attachment":[{"href":"https:\/\/neurotecheu.umh.es\/ca\/wp-json\/wp\/v2\/media?parent=998"}],"wp:term":[{"taxonomy":"category","embeddable":true,"href":"https:\/\/neurotecheu.umh.es\/ca\/wp-json\/wp\/v2\/categories?post=998"},{"taxonomy":"post_tag","embeddable":true,"href":"https:\/\/neurotecheu.umh.es\/ca\/wp-json\/wp\/v2\/tags?post=998"}],"curies":[{"name":"wp","href":"https:\/\/api.w.org\/{rel}","templated":true}]}}