{"id":1306,"date":"2025-06-09T11:34:48","date_gmt":"2025-06-09T09:34:48","guid":{"rendered":"https:\/\/neurotecheu.umh.es\/?p=1306"},"modified":"2025-07-23T11:47:06","modified_gmt":"2025-07-23T09:47:06","slug":"hr-winter-school-on-practical-entrepreneurship-for-phds","status":"publish","type":"post","link":"https:\/\/neurotecheu.umh.es\/en\/2025\/06\/09\/hr-winter-school-on-practical-entrepreneurship-for-phds\/","title":{"rendered":"HR Winter School on Practical Entrepreneurship for PhDs"},"content":{"rendered":"<p><span style=\"font-weight: 400\"><img loading=\"lazy\" class=\" wp-image-1207 alignright\" src=\"https:\/\/neurotecheu.umh.es\/files\/2025\/06\/Winter-School-HR-Enterpreunership-1024x687.jpg\" alt=\"\" width=\"352\" height=\"236\" srcset=\"https:\/\/neurotecheu.umh.es\/files\/2025\/06\/Winter-School-HR-Enterpreunership-1024x687.jpg 1024w, https:\/\/neurotecheu.umh.es\/files\/2025\/06\/Winter-School-HR-Enterpreunership-300x201.jpg 300w, https:\/\/neurotecheu.umh.es\/files\/2025\/06\/Winter-School-HR-Enterpreunership-768x515.jpg 768w, https:\/\/neurotecheu.umh.es\/files\/2025\/06\/Winter-School-HR-Enterpreunership.jpg 1230w\" sizes=\"(max-width: 352px) 100vw, 352px\" \/>From <strong><span style=\"color: #000080\">November 10-14<\/span><\/strong>, the University of Reykjavik (<\/span><i><span style=\"font-weight: 400\">H\u00e1sk\u00f3linn \u00ed Reykjav\u00edk<\/span><\/i><span style=\"font-weight: 400\">, HR, Iceland), part of the European University of Brain and Technology-NeurotechEU, helds the <strong><span style=\"color: #000080\">Winter School on Practical Entrepreneurship for PhDs.<\/span><\/strong> The course combines online pre-work with a hands-on, 5-day workshop series at the HR campus.<\/span><\/p>\n<p><span style=\"font-weight: 400\">This course is designed for <span style=\"color: #000080\"><strong>PhD researchers and post-docs with the entrepreneurial mindset, skills, and tools needed to transform scientific discoveries into viable innovations.<\/strong><\/span>&nbsp; Participants will explore the commercialization journey from ideation to market diffusion, navigate ethical and regulatory challenges, and develop compelling pitches for funders and stakeholders. Through lectures, interactive workshops, peer collaboration, expert mentoring, and real-world case studies, researchers will learn how to identify opportunities, mobilize resources, and create value (financial, societal, and\/or cultural).<\/span><\/p>\n<ul>\n<li style=\"font-weight: 400\"><span style=\"font-weight: 400\"><strong>Date<\/strong>: November 10-14, 2025<\/span><\/li>\n<li style=\"font-weight: 400\"><span style=\"font-weight: 400\"><strong>Host university:<\/strong> H\u00e1sk\u00f3linn \u00ed Reykjav\u00edk&nbsp; (Reykjavik, Iceland)<\/span><\/li>\n<li style=\"font-weight: 400\"><span style=\"font-weight: 400\"><strong>Pre-registration deadline:<\/strong> July 31, 2025<\/span><\/li>\n<li style=\"font-weight: 400\"><span style=\"font-weight: 400\"><strong>Places covered by UMH<\/strong>: 1<\/span><\/li>\n<li style=\"font-weight: 400\"><span style=\"font-weight: 400\">For more information, contact us at <\/span><a href=\"mailto:neurotecheu@umh.es\"><span style=\"font-weight: 400\">neurotecheu@umh.es<\/span><\/a><\/li>\n<\/ul>\n<p>&nbsp;<\/p>\n<p><span style=\"font-weight: 400\">If you are interested in applying, follow the procedure on: <\/span><a href=\"https:\/\/neurotecheu.umh.es\/en\/movilidad-umh\/como-solicitar-plaza-a-traves-de-la-umh\/\"><b>How to apply through the UMH<\/b><\/a><b>.<\/b><\/p>\n<p><span style=\"font-weight: 400\">The Universidad Miguel Hern\u00e1ndez de Elche (UMH) covers one (1) place for this mobility. However, it reserves the right not to award the offered place if no application fits the required profile.&nbsp;<\/span><\/p>\n<p>&nbsp;<\/p>\n<p>&nbsp;<\/p>\n<p><span style=\"font-weight: 400\"><img loading=\"lazy\" class=\" wp-image-1184 alignleft\" src=\"https:\/\/neurotecheu.umh.es\/files\/2025\/05\/EN_Co-fundedbytheEU_RGB_POS-1024x228.png\" alt=\"\" width=\"377\" height=\"84\" srcset=\"https:\/\/neurotecheu.umh.es\/files\/2025\/05\/EN_Co-fundedbytheEU_RGB_POS-1024x228.png 1024w, https:\/\/neurotecheu.umh.es\/files\/2025\/05\/EN_Co-fundedbytheEU_RGB_POS-300x67.png 300w, https:\/\/neurotecheu.umh.es\/files\/2025\/05\/EN_Co-fundedbytheEU_RGB_POS-768x171.png 768w, https:\/\/neurotecheu.umh.es\/files\/2025\/05\/EN_Co-fundedbytheEU_RGB_POS-1536x343.png 1536w, https:\/\/neurotecheu.umh.es\/files\/2025\/05\/EN_Co-fundedbytheEU_RGB_POS-2048x457.png 2048w\" sizes=\"(max-width: 377px) 100vw, 377px\" \/>*NeurotechEU is an alliance <span class=\"citation-4\">funded by the European Union. However, <\/span><span class=\"citation-3 citation-4 citation-end-4\">the views and opinions expressed are solely those of the authors and do not necessarily reflect those<\/span><span class=\"citation-3 citation-end-3\"> of the European Union<\/span> or the Universidad Miguel Hern\u00e1ndez de Elche. Neither the European Union nor the granting authority can be held responsible for them.<\/span><\/p>","protected":false},"excerpt":{"rendered":"<p>From November 10-14, the University of Reykjavik (H\u00e1sk\u00f3linn \u00ed Reykjav\u00edk, HR, Iceland), part of the European University of Brain and Technology-NeurotechEU, helds the Winter School on Practical Entrepreneurship for PhDs. The course combines online pre-work with a hands-on, 5-day workshop series at the HR campus.<br \/>\nThis course is designed for PhD researchers and post-docs with the [&#8230;]<\/p>\n","protected":false},"author":24743,"featured_media":0,"comment_status":"closed","ping_status":"open","sticky":false,"template":"","format":"standard","meta":{"ngg_post_thumbnail":0,"_links_to":"","_links_to_target":""},"categories":[3747],"tags":[],"_links":{"self":[{"href":"https:\/\/neurotecheu.umh.es\/en\/wp-json\/wp\/v2\/posts\/1306"}],"collection":[{"href":"https:\/\/neurotecheu.umh.es\/en\/wp-json\/wp\/v2\/posts"}],"about":[{"href":"https:\/\/neurotecheu.umh.es\/en\/wp-json\/wp\/v2\/types\/post"}],"author":[{"embeddable":true,"href":"https:\/\/neurotecheu.umh.es\/en\/wp-json\/wp\/v2\/users\/24743"}],"replies":[{"embeddable":true,"href":"https:\/\/neurotecheu.umh.es\/en\/wp-json\/wp\/v2\/comments?post=1306"}],"version-history":[{"count":0,"href":"https:\/\/neurotecheu.umh.es\/en\/wp-json\/wp\/v2\/posts\/1306\/revisions"}],"wp:attachment":[{"href":"https:\/\/neurotecheu.umh.es\/en\/wp-json\/wp\/v2\/media?parent=1306"}],"wp:term":[{"taxonomy":"category","embeddable":true,"href":"https:\/\/neurotecheu.umh.es\/en\/wp-json\/wp\/v2\/categories?post=1306"},{"taxonomy":"post_tag","embeddable":true,"href":"https:\/\/neurotecheu.umh.es\/en\/wp-json\/wp\/v2\/tags?post=1306"}],"curies":[{"name":"wp","href":"https:\/\/api.w.org\/{rel}","templated":true}]}}