{"id":1426,"date":"2025-11-07T13:00:51","date_gmt":"2025-11-07T12:00:51","guid":{"rendered":"https:\/\/neurotecheu.umh.es\/?p=1426"},"modified":"2025-11-07T12:13:42","modified_gmt":"2025-11-07T11:13:42","slug":"el-rector-de-la-umh-da-la-bienvenida-a-la-universidad-medica-de-innsbruck-a-neurotecheu","status":"publish","type":"post","link":"https:\/\/neurotecheu.umh.es\/en\/2025\/11\/07\/el-rector-de-la-umh-da-la-bienvenida-a-la-universidad-medica-de-innsbruck-a-neurotecheu\/","title":{"rendered":"UMH Rector Welcomes the Medical University of Innsbruck to NeurotechEU"},"content":{"rendered":"<p><span style=\"font-weight: 400\">The Rector of the Miguel Hern\u00e1ndez University of Elche (UMH), Juan Jos\u00e9 Ruiz, together with the coordinator of the European university alliance, the European University of Brain and Technology \u2013 NeurotechEU, Richard van Wezel, has welcomed the Medical University of Innsbruck (MUI) into NeurotechEU. The alliance celebrated a significant milestone on November 5th, 2025, during its X General Assembly: the accession of MUI to the alliance.<\/span><\/p>\n<p style=\"text-align: center\"><i><span style=\"font-weight: 400\"><img loading=\"lazy\" class=\"aligncenter  wp-image-1423\" src=\"https:\/\/neurotecheu.umh.es\/files\/2025\/11\/J0A9310-1024x683.jpg\" alt=\"\" width=\"654\" height=\"436\" srcset=\"https:\/\/neurotecheu.umh.es\/files\/2025\/11\/J0A9310-1024x683.jpg 1024w, https:\/\/neurotecheu.umh.es\/files\/2025\/11\/J0A9310-300x200.jpg 300w, https:\/\/neurotecheu.umh.es\/files\/2025\/11\/J0A9310-768x512.jpg 768w, https:\/\/neurotecheu.umh.es\/files\/2025\/11\/J0A9310-1536x1024.jpg 1536w, https:\/\/neurotecheu.umh.es\/files\/2025\/11\/J0A9310-2048x1365.jpg 2048w\" sizes=\"(max-width: 654px) 100vw, 654px\" \/>(From left to right) Gert Meyer, Rector of MUI, and Patrizia Stoitzner, Executive Vice President of Research and International Relations at MUI; Juan Jos\u00e9 Ru\u00edz, Rector of the UMH, and Richard van Wezel, NeurotechEU Coordinator.<\/span><\/i><\/p>\n<p><span style=\"font-weight: 400\">The NeurotechEU alliance, which previously comprised eight universities, continues to grow with the aim of creating a higher education space that transcends national borders. The accession of the Austrian institution underscores NeurotechEU&#8217;s commitment to expanding its transnational network to drive education, research, and innovation in the field of neuroscience and neurotechnology.<\/span><\/p>\n<p><span style=\"font-weight: 400\">The European University of Brain and Technology is an alliance of European universities, co-funded by the European Commission, whose objective is to create a transnational campus of excellence to educate the next generation of professionals and scientists in neurotechnology, integrating education, research, and innovation. Alongside the UMH, the member universities of NeurotechEU are: Radboud University (Netherlands), Karolinska Institutet (Sweden), University of Bonn (Germany), Bo\u011fazi\u00e7i University (Turkey), Iuliu Ha\u0163ieganu University of Medicine and Pharmacy (Romania), University of Lille (France), and the University of Reykjavik (Iceland).<\/span><\/p>\n<p>&nbsp;<\/p>","protected":false},"excerpt":{"rendered":"<p>The Rector of the Miguel Hern\u00e1ndez University of Elche (UMH), Juan Jos\u00e9 Ruiz, together with the coordinator of the European university alliance, the European University of Brain and Technology \u2013 NeurotechEU, Richard van Wezel, has welcomed the Medical University of Innsbruck (MUI) into NeurotechEU. The alliance celebrated a significant milestone on November 5th, 2025, during [&#8230;]<\/p>\n","protected":false},"author":24743,"featured_media":0,"comment_status":"closed","ping_status":"open","sticky":false,"template":"","format":"standard","meta":{"ngg_post_thumbnail":0,"_links_to":"","_links_to_target":""},"categories":[23],"tags":[],"_links":{"self":[{"href":"https:\/\/neurotecheu.umh.es\/en\/wp-json\/wp\/v2\/posts\/1426"}],"collection":[{"href":"https:\/\/neurotecheu.umh.es\/en\/wp-json\/wp\/v2\/posts"}],"about":[{"href":"https:\/\/neurotecheu.umh.es\/en\/wp-json\/wp\/v2\/types\/post"}],"author":[{"embeddable":true,"href":"https:\/\/neurotecheu.umh.es\/en\/wp-json\/wp\/v2\/users\/24743"}],"replies":[{"embeddable":true,"href":"https:\/\/neurotecheu.umh.es\/en\/wp-json\/wp\/v2\/comments?post=1426"}],"version-history":[{"count":0,"href":"https:\/\/neurotecheu.umh.es\/en\/wp-json\/wp\/v2\/posts\/1426\/revisions"}],"wp:attachment":[{"href":"https:\/\/neurotecheu.umh.es\/en\/wp-json\/wp\/v2\/media?parent=1426"}],"wp:term":[{"taxonomy":"category","embeddable":true,"href":"https:\/\/neurotecheu.umh.es\/en\/wp-json\/wp\/v2\/categories?post=1426"},{"taxonomy":"post_tag","embeddable":true,"href":"https:\/\/neurotecheu.umh.es\/en\/wp-json\/wp\/v2\/tags?post=1426"}],"curies":[{"name":"wp","href":"https:\/\/api.w.org\/{rel}","templated":true}]}}