{"id":832,"date":"2024-11-07T12:08:05","date_gmt":"2024-11-07T11:08:05","guid":{"rendered":"https:\/\/neurotecheu.umh.es\/?p=832"},"modified":"2025-07-23T10:46:30","modified_gmt":"2025-07-23T08:46:30","slug":"la-umh-recibe-una-delegacion-de-la-universidad-de-medicina-y-farmacia-de-cluj-napoca-aliada-de-neurotecheu","status":"publish","type":"post","link":"https:\/\/neurotecheu.umh.es\/en\/2024\/11\/07\/la-umh-recibe-una-delegacion-de-la-universidad-de-medicina-y-farmacia-de-cluj-napoca-aliada-de-neurotecheu\/","title":{"rendered":"A delegation from the University of Medicine and Pharmacy in Cluj-Napoca, visits the UMH"},"content":{"rendered":"<p><span style=\"font-weight: 400\"><img loading=\"lazy\" class=\" wp-image-836 alignright\" src=\"https:\/\/neurotecheu.umh.es\/files\/2024\/11\/IMG20241029131850-1024x578.jpg\" alt=\"Visita de Cluj a la UMH (NeurotechEU)\" width=\"349\" height=\"197\" srcset=\"https:\/\/neurotecheu.umh.es\/files\/2024\/11\/IMG20241029131850-1024x578.jpg 1024w, https:\/\/neurotecheu.umh.es\/files\/2024\/11\/IMG20241029131850-300x169.jpg 300w, https:\/\/neurotecheu.umh.es\/files\/2024\/11\/IMG20241029131850-768x433.jpg 768w, https:\/\/neurotecheu.umh.es\/files\/2024\/11\/IMG20241029131850-1536x866.jpg 1536w, https:\/\/neurotecheu.umh.es\/files\/2024\/11\/IMG20241029131850-2048x1155.jpg 2048w\" sizes=\"(max-width: 349px) 100vw, 349px\" \/><\/span>To strengthen cooperation between allied universities within the European University of Brain and Technology \u2013NeurotechEU, Doctors in Neurorehabilitation from the \u201cIuliu Ha\u021bieganu\u201d University of Medicine and Pharmacy (<a href=\"https:\/\/umfcluj.ro\/\" target=\"_blank\" rel=\"noopener\">UMF<\/a>) in Cluj-Napoca, Romania \u2013a NeurotechEU partner university\u2013 Rodica Ungur and Monica Borda, along with residents from the Cluj University Hospital Timea B\u0103r\u0103ian, Anca Gu\u021bu (Gutu), Victor Labo, Mihaela Molnar, and Andrada Maria Preda, visited Miguel Hern\u00e1ndez University of Elche (<a href=\"https:\/\/www.umh.es\/\" target=\"_blank\" rel=\"noopener\">UMH<\/a>).<\/p>\n<p>Upon arrival, they were received by Vicente Micol, Vice-Rector for Internationalisation and Cooperation; Juana Gallar, project leader at UMH and Director of the <a href=\"https:\/\/in.umh-csic.es\/es\/\" target=\"_blank\" rel=\"noopener\">Institute of Neurosciences<\/a> (UMH-CSIC); Inmaculada Blaya, Director of the <a href=\"https:\/\/internacional.umh.es\/\">International Relations, Development Cooperation, and Volunteering Service<\/a>; Jos\u00e9 Mar\u00eda Azor\u00edn, researcher at the <a href=\"https:\/\/i3e.umh.es\/\">Elche Institute of Research in Engineering I3E-UMH<\/a> involved in joint teaching activities of NeurotechEU; Antonio Ferrer Montiel, Director of the Institute for Research, Development and Innovation in Health Biotechnology of Elche (<a href=\"https:\/\/idibe.umh.es\/\">IDiBE<\/a>); Fernando Borr\u00e1s, Director of the UMH <a href=\"https:\/\/cyborg.umh.es\/\">Cyborg Centre<\/a>; and Santiago Canals, researcher at the Institute of Neurosciences (a joint UMH and CSIC centre) also involved in NeurotechEU teaching activities.<\/p>\n<p>During their visit, the UMF delegation toured the <a href=\"https:\/\/www.gva.es\/es\/inicio\/atencion_ciudadano\/buscadores\/departamentos\/detalle_departamentos?id_dept=24894\">Dr Balmis University General Hospital in Alicante<\/a>, where they were welcomed by Medical Director Luis Alberto Mena and Head of the Neurology Department Carmina D\u00edaz Mar\u00edn, as well as Cristina Alenda, Director of the Alicante Institute for Health and Biomedical Research (<span style=\"font-weight: 400\"><a href=\"https:\/\/isabial.es\/\" target=\"_blank\" rel=\"noopener\">ISABIAL<\/a><\/span>).<\/p>\n<p>Furthermore, with Vicente Micol and Inmaculada Blaya, they learned more about UMH\u2019s organization and its involvement in the NeurotechEU Alliance, allowing the UMF representatives to explore potential future collaboration between the two universities in the field of technology applied to neurorehabilitation.<\/p>\n<p>In their meeting with Jos\u00e9 Mar\u00eda Azor\u00edn, he introduced them to the Brain-Machine Interface Systems Lab at UMH and shared several ongoing projects. The Romanian visitors also had the opportunity to test a \u2018video game\u2019 for motor rehabilitation developed by UMH doctoral student Vicente Quiles Zamora, based on the optimisation of a brain-computer interface that decodes signals generated in the brain while the subject imagines movements.<\/p>\n<p>At IDiBE, they met researchers David Caba\u00f1ero, Enrique Barraj\u00f3n Catal\u00e1n, and Mar\u00eda Herranz L\u00f3pez, who showed them around the facilities and explained some of their projects. For example, Caba\u00f1ero demonstrated a 3D bioprinter that prints a model of human skin, allowing for drug and cosmetic testing.<\/p>\n<p>Fernando Borr\u00e1s and Juan Carlos Rodr\u00edguez then showed them the Cyborg Centre, where students train for real-life situations in rooms simulating a real hospital. Here, they met Leonardo and Miguel, two interactive \u2018mannequins\u2019 that respond to the diagnostic and therapeutic decisions made by health science students at the Sant Joan UMH campus.<\/p>\n<p>The UMF delegation concluded their visit at the Institute of Neurosciences (UMH-CSIC). There, De Santis and Eggl presented their work on the development, optimization, and application of innovative, non-invasive, and translational magnetic resonance imaging tools. Meanwhile, Canals and Marcos explained how using animal models and advanced techniques \u2013 such as combining functional magnetic resonance imaging and electrophysiological recordings \u2013 allows them to study the reorganization of neural circuits involved in learning and memory.<\/p>\n<p>The European University of Brain and Technology, NeurotechEU, is an alliance of eight European universities focused on neuroscience and neurotechnology. By building a trans-European network of excellence in brain research and technologies, NeurotechEU enhances the competitiveness of European education, research, economy, and society. In addition to UMH, this alliance includes Radboud University (Netherlands), the Karolinska Institute (Sweden), the University of Bonn (Germany), Bo\u011fazi\u00e7i University (Turkey), the \u201cIuliu Ha\u021bieganu\u201d University of Medicine and Pharmacy (Romania), the University of Lille (France), and the University of Reykjav\u00edk (Iceland). This meeting was organized by Juana Gallar, the head of NeurotechEU at UMH.<\/p>\n<p>\n\n\t<div class='ngg-imagebrowser default-view'\n         id='ngg-imagebrowser-2face6bf1a542e1bdc5e39a9d3ae20a5-832'\n         data-nextgen-gallery-id=\"2face6bf1a542e1bdc5e39a9d3ae20a5\">\n\n        <h3>Visita UMF a UMH 2024<\/h3>\n\n\t\t<div id=\"ngg-image-0\" class=\"pic\" >\n        \n        <a href='https:\/\/neurotecheu.umh.es\/wp-content\/uploads\/sites\/3845\/nggallery\/visita-cluj-a-umh\/IMG20241029114905-1.JPG'\n           title=' '\n           data-src=\"https:\/\/neurotecheu.umh.es\/wp-content\/uploads\/sites\/3845\/nggallery\/visita-cluj-a-umh\/IMG20241029114905-1.JPG\"\n           data-thumbnail=\"https:\/\/neurotecheu.umh.es\/wp-content\/uploads\/sites\/3845\/nggallery\/visita-cluj-a-umh\/thumbs\/thumbs_IMG20241029114905-1.JPG\"\n           data-image-id=\"47\"\n           data-title=\"Visita UMF a UMH 2024\"\n           data-description=\" \"\n           class=\"ngg-simplelightbox\" rel=\"2face6bf1a542e1bdc5e39a9d3ae20a5\">\n            <img title='Visita UMF a UMH 2024'\n                 alt='Visita UMF a UMH 2024'\n                 src='https:\/\/neurotecheu.umh.es\/wp-content\/uploads\/sites\/3845\/nggallery\/visita-cluj-a-umh\/IMG20241029114905-1.JPG'\/>\n        <\/a>\n\t    \n        <\/div> \n\n        <div class='ngg-imagebrowser-nav'>\n\n            <div class='back'>\n                <a class='ngg-browser-prev'\n                   id='ngg-prev-62'\n                   href='https:\/\/neurotecheu.umh.es\/en\/2024\/11\/07\/la-umh-recibe-una-delegacion-de-la-universidad-de-medicina-y-farmacia-de-cluj-napoca-aliada-de-neurotecheu\/nggallery\/image\/img_6377\/'>\n                    <i class=\"fa fa-chevron-left\" aria-hidden=\"true\"><\/i>\n                <\/a>\n            <\/div>\n\n            <div class='next'>\n                <a class='ngg-browser-next'\n                   id='ngg-next-50'\n                   href='https:\/\/neurotecheu.umh.es\/en\/2024\/11\/07\/la-umh-recibe-una-delegacion-de-la-universidad-de-medicina-y-farmacia-de-cluj-napoca-aliada-de-neurotecheu\/nggallery\/image\/img20241029120537-1\/'>\n                    <i class=\"fa fa-chevron-right\" aria-hidden=\"true\"><\/i>\n                <\/a>\n            <\/div>\n\n            <div class='counter'>\n                Image                1                of                6            <\/div>\n\n            <div class='ngg-imagebrowser-desc'>\n                <p> <\/p>\n            <\/div>\n\n        <\/div>\n    <\/div>\n\n<\/p>","protected":false},"excerpt":{"rendered":"<p>To strengthen cooperation between allied universities within the European University of Brain and Technology \u2013NeurotechEU, Doctors in Neurorehabilitation from the \u201cIuliu Ha\u021bieganu\u201d University of Medicine and Pharmacy (UMF) in Cluj-Napoca, Romania \u2013a NeurotechEU partner university\u2013 Rodica Ungur and Monica Borda, along with residents from the Cluj University Hospital Timea B\u0103r\u0103ian, Anca Gu\u021bu (Gutu), Victor Labo, [&#8230;]<\/p>\n","protected":false},"author":24743,"featured_media":0,"comment_status":"closed","ping_status":"open","sticky":false,"template":"","format":"standard","meta":{"ngg_post_thumbnail":0,"_links_to":"","_links_to_target":""},"categories":[23],"tags":[],"_links":{"self":[{"href":"https:\/\/neurotecheu.umh.es\/en\/wp-json\/wp\/v2\/posts\/832"}],"collection":[{"href":"https:\/\/neurotecheu.umh.es\/en\/wp-json\/wp\/v2\/posts"}],"about":[{"href":"https:\/\/neurotecheu.umh.es\/en\/wp-json\/wp\/v2\/types\/post"}],"author":[{"embeddable":true,"href":"https:\/\/neurotecheu.umh.es\/en\/wp-json\/wp\/v2\/users\/24743"}],"replies":[{"embeddable":true,"href":"https:\/\/neurotecheu.umh.es\/en\/wp-json\/wp\/v2\/comments?post=832"}],"version-history":[{"count":0,"href":"https:\/\/neurotecheu.umh.es\/en\/wp-json\/wp\/v2\/posts\/832\/revisions"}],"wp:attachment":[{"href":"https:\/\/neurotecheu.umh.es\/en\/wp-json\/wp\/v2\/media?parent=832"}],"wp:term":[{"taxonomy":"category","embeddable":true,"href":"https:\/\/neurotecheu.umh.es\/en\/wp-json\/wp\/v2\/categories?post=832"},{"taxonomy":"post_tag","embeddable":true,"href":"https:\/\/neurotecheu.umh.es\/en\/wp-json\/wp\/v2\/tags?post=832"}],"curies":[{"name":"wp","href":"https:\/\/api.w.org\/{rel}","templated":true}]}}