{"id":860,"date":"2024-11-08T10:00:43","date_gmt":"2024-11-08T09:00:43","guid":{"rendered":"https:\/\/neurotecheu.umh.es\/?p=860"},"modified":"2025-07-23T10:46:21","modified_gmt":"2025-07-23T08:46:21","slug":"neurotecheu-acude-a-la-6a-edicion-del-congreso-internacional-de-neurorehabilitacion","status":"publish","type":"post","link":"https:\/\/neurotecheu.umh.es\/en\/2024\/11\/08\/neurotecheu-acude-a-la-6a-edicion-del-congreso-internacional-de-neurorehabilitacion\/","title":{"rendered":"NeurotechEU attends the 6th International Conference on NeuroRehabilitation"},"content":{"rendered":"<p><span style=\"font-weight: 400\"><img loading=\"lazy\" class=\"wp-image-863 alignright\" src=\"https:\/\/neurotecheu.umh.es\/files\/2024\/11\/IMG_5641-1-1024x684.jpg\" alt=\"ICNR2024\" width=\"303\" height=\"202\" srcset=\"https:\/\/neurotecheu.umh.es\/files\/2024\/11\/IMG_5641-1-1024x684.jpg 1024w, https:\/\/neurotecheu.umh.es\/files\/2024\/11\/IMG_5641-1-300x200.jpg 300w, https:\/\/neurotecheu.umh.es\/files\/2024\/11\/IMG_5641-1-768x513.jpg 768w, https:\/\/neurotecheu.umh.es\/files\/2024\/11\/IMG_5641-1.jpg 1098w\" sizes=\"(max-width: 303px) 100vw, 303px\" \/><\/span>The Miguel Hern\u00e1ndez University of Elche (UMH) and the European University of Brain and Technology \u2013NeurotechEU\u2013 collaborated in the sixth edition of the International Conference on NeuroRehabilitation (ICNR). The congress was held in La Granja de San Ildefonso (Segovia) from the 5th of November to the 8th.<\/p>\n<p>Attending the congress alongside Jos\u00e9 Mar\u00eda Azor\u00edn, Director of the UMH Brain-Machine Interface Systems Lab, were UMH professor Eduardo I\u00e1\u00f1ez Mart\u00ednez and UMH doctoral student Vicente Quiles Zamora. Conference participants had the opportunity to engage in up to 25 workshops covering topics such as the use of multimodal technologies in disease assessment, robotic rehabilitation, control of myoelectric prostheses, and co-creation methodologies with patients for neurorehabilitation technologies.<\/p>\n<p>Each year, the ICNR brings together researchers and students in clinical rehabilitation, applied neurophysiology, and biomedical engineering. It focuses on technologies to restore sensory, motor, and cognitive functions through electronic and mechatronic systems \u2013 combining mechanics, electronics, control, and computing.<\/p>","protected":false},"excerpt":{"rendered":"<p>The Miguel Hern\u00e1ndez University of Elche (UMH) and the European University of Brain and Technology \u2013NeurotechEU\u2013 collaborated in the sixth edition of the International Conference on NeuroRehabilitation (ICNR). The congress was held in La Granja de San Ildefonso (Segovia) from the 5th of November to the 8th.<br \/>\nAttending the congress alongside Jos\u00e9 Mar\u00eda Azor\u00edn, Director of [&#8230;]<\/p>\n","protected":false},"author":24743,"featured_media":0,"comment_status":"closed","ping_status":"open","sticky":false,"template":"","format":"standard","meta":{"ngg_post_thumbnail":0,"_links_to":"","_links_to_target":""},"categories":[23],"tags":[],"_links":{"self":[{"href":"https:\/\/neurotecheu.umh.es\/en\/wp-json\/wp\/v2\/posts\/860"}],"collection":[{"href":"https:\/\/neurotecheu.umh.es\/en\/wp-json\/wp\/v2\/posts"}],"about":[{"href":"https:\/\/neurotecheu.umh.es\/en\/wp-json\/wp\/v2\/types\/post"}],"author":[{"embeddable":true,"href":"https:\/\/neurotecheu.umh.es\/en\/wp-json\/wp\/v2\/users\/24743"}],"replies":[{"embeddable":true,"href":"https:\/\/neurotecheu.umh.es\/en\/wp-json\/wp\/v2\/comments?post=860"}],"version-history":[{"count":0,"href":"https:\/\/neurotecheu.umh.es\/en\/wp-json\/wp\/v2\/posts\/860\/revisions"}],"wp:attachment":[{"href":"https:\/\/neurotecheu.umh.es\/en\/wp-json\/wp\/v2\/media?parent=860"}],"wp:term":[{"taxonomy":"category","embeddable":true,"href":"https:\/\/neurotecheu.umh.es\/en\/wp-json\/wp\/v2\/categories?post=860"},{"taxonomy":"post_tag","embeddable":true,"href":"https:\/\/neurotecheu.umh.es\/en\/wp-json\/wp\/v2\/tags?post=860"}],"curies":[{"name":"wp","href":"https:\/\/api.w.org\/{rel}","templated":true}]}}